{"id":2099,"date":"2022-11-18T21:10:32","date_gmt":"2022-11-18T20:10:32","guid":{"rendered":"https:\/\/carpejenn.com\/?p=2099"},"modified":"2023-01-08T17:09:14","modified_gmt":"2023-01-08T16:09:14","slug":"road-trip-pointe-noire-dolisie-sossi","status":"publish","type":"post","link":"https:\/\/carpejenn.com\/index.php\/voyages\/road-trip-pointe-noire-dolisie-sossi\/","title":{"rendered":"Road trip Pointe-Noire \/ Dolisie \/ Sossi"},"content":{"rendered":"\n<p>Plus de 15 ans que je n\u2019avais pas mis les pieds \u00e0 Dolisie, la ville rouge du Congo. A l\u2019\u00e9poque, le trajet en voiture nous avait pris plus de 6 heures. Mais \u00e7a c\u2019\u00e9tait avant. Depuis \u2026 les 162 kilom\u00e8tres se font en seulement 3h30, et la qualit\u00e9 de la route est au rdv !<\/p>\n\n\n\n<p>J\u2019avais vraiment h\u00e2te de faire la route car je n\u2019en entendais que des bonnes choses, surtout concernant les paysages. Effectivement je n\u2019ai pas \u00e9t\u00e9 d\u00e9\u00e7ue.<\/p>\n\n\n\n<figure class=\"wp-block-embed is-type-video is-provider-youtube wp-block-embed-youtube wp-embed-aspect-16-9 wp-has-aspect-ratio\"><div class=\"wp-block-embed__wrapper\">\nhttps:\/\/youtu.be\/hsSLUDBpHsY\n<\/div><\/figure>\n\n\n\n<h2 class=\"wp-block-heading\">Le march\u00e9&nbsp;Ilikondi :<\/h2>\n\n\n\n<p>Premier arr\u00eat de cette excursion. Le village Ilikondi (je ne suis pas s\u00fbre de l&#8217;orthographie, j&#8217;ai eu 3 versions diff\u00e9rentes). A \u00e0 peu pr\u00e8s 45 minutes de Pointe-Noire, Ilikondi est un petit village qu&#8217;on ne peut pas rater sur le trajet. Il est travers\u00e9 par la route nationale, et certains habitants ont eu la bonne id\u00e9e d&#8217;installer des stands tout le long de la portion de route qui traverse le village. Nous avons profit\u00e9 de ce march\u00e9 pour faire nos emplettes pour le d\u00eener : champignons, bananes plantains, \u00e9pinards&#8230;<\/p>\n\n\n\n<h2 class=\"wp-block-heading\">La travers\u00e9e du Mayombe<\/h2>\n\n\n\n<figure class=\"wp-block-image size-large\"><img loading=\"lazy\" decoding=\"async\" width=\"665\" height=\"1024\" src=\"https:\/\/carpejenn.com\/wp-content\/uploads\/2022\/11\/Capture-de\u0301cran-2022-11-18-a\u0300-19.46.24-665x1024.png\" alt=\"\" class=\"wp-image-2117\" srcset=\"https:\/\/carpejenn.com\/wp-content\/uploads\/2022\/11\/Capture-de\u0301cran-2022-11-18-a\u0300-19.46.24-665x1024.png 665w, https:\/\/carpejenn.com\/wp-content\/uploads\/2022\/11\/Capture-de\u0301cran-2022-11-18-a\u0300-19.46.24-195x300.png 195w, https:\/\/carpejenn.com\/wp-content\/uploads\/2022\/11\/Capture-de\u0301cran-2022-11-18-a\u0300-19.46.24.png 692w\" sizes=\"(max-width: 665px) 100vw, 665px\" \/><\/figure>\n\n\n\n<p>Malgr\u00e9 la saison s\u00e8che, la partie du Mayombe que nous avons travers\u00e9e \u00e9tait tr\u00e8s verte, tr\u00e8s dense et tr\u00e8s humide. On a vraiment l&#8217;impression d&#8217;\u00eatre coup\u00e9s du monde : on n&#8217;a pas crois\u00e9 beaucoup d&#8217;autres voitures et nous avons pris le temps de nous arr\u00eater pour respirer l&#8217;air presque montagneux de la for\u00eat et \u00e9couter toute la vie qui s&#8217;en d\u00e9gageait. La derni\u00e8re fois que j\u2019ai eu l\u2019occasion de traverser une for\u00eat similaire et ressenti les m\u00eames \u00e9motions, c&#8217;\u00e9tait en 2018 au Costa Rica. <\/p>\n\n\n\n<h2 class=\"wp-block-heading\">Les plaines&nbsp;<\/h2>\n\n\n\n<p>Si tu es bon en g\u00e9ographie congolaise, tu sauras qu&#8217;apr\u00e8s le Mayombe, il faut traverser la r\u00e9gion de La Plaine pour arriver \u00e0 Dolisie. Changement total d&#8217;ambiance, on passe de la densit\u00e9 et de l&#8217;humidit\u00e9 \u00e0 du vide et de la s\u00e9cheresse. Les paysages sont plut\u00f4t plats, et contrastent vraiment avec le Mayombe. <\/p>\n\n\n\n<h2 class=\"wp-block-heading\">Le baobab de Dolisie<\/h2>\n\n\n\n<figure class=\"wp-block-image size-full\"><img loading=\"lazy\" decoding=\"async\" width=\"706\" height=\"984\" src=\"https:\/\/carpejenn.com\/wp-content\/uploads\/2022\/11\/Capture-de\u0301cran-2022-11-18-a\u0300-19.02.16.png\" alt=\"\" class=\"wp-image-2111\" srcset=\"https:\/\/carpejenn.com\/wp-content\/uploads\/2022\/11\/Capture-de\u0301cran-2022-11-18-a\u0300-19.02.16.png 706w, https:\/\/carpejenn.com\/wp-content\/uploads\/2022\/11\/Capture-de\u0301cran-2022-11-18-a\u0300-19.02.16-215x300.png 215w\" sizes=\"(max-width: 706px) 100vw, 706px\" \/><\/figure>\n\n\n\n<p>Juste apr\u00e8s le deuxi\u00e8me p\u00e9age (Moukondo) et avant l&#8217;entr\u00e9e dans Dolisie, se trouve un baoabab majestueux. Difficile de lui donner un \u00e2ge pr\u00e9cis, mais je ne pense pas exag\u00e9rer en disant qu&#8217;il a au moins 150 ans. Les habitants des alentours nous ont en effet expliqu\u00e9 que sur cet arbre, Savorgnon de Brazza avait grav\u00e9 ses initiales (difficiles \u00e0 retrouver parmi les centaines d&#8217;initiales grav\u00e9es par les nombreuses personnes qui sont pass\u00e9es par l\u00e0) En faisant le tour du baobab, on d\u00e9couvre de l&#8217;autre c\u00f4t\u00e9 que son tronc est compl\u00e8tement ouvert, et qu&#8217;on peut litt\u00e9ralement rentrer dans l&#8217;arbre.  <\/p>\n\n\n\n<h2 class=\"wp-block-heading\">Albert Dolisie !<\/h2>\n\n\n\n<figure class=\"wp-block-image size-large\"><img loading=\"lazy\" decoding=\"async\" width=\"1024\" height=\"681\" src=\"https:\/\/carpejenn.com\/wp-content\/uploads\/2022\/11\/Capture-de\u0301cran-2022-11-18-a\u0300-19.34.08-1024x681.png\" alt=\"\" class=\"wp-image-2113\" srcset=\"https:\/\/carpejenn.com\/wp-content\/uploads\/2022\/11\/Capture-de\u0301cran-2022-11-18-a\u0300-19.34.08-1024x681.png 1024w, https:\/\/carpejenn.com\/wp-content\/uploads\/2022\/11\/Capture-de\u0301cran-2022-11-18-a\u0300-19.34.08-300x200.png 300w, https:\/\/carpejenn.com\/wp-content\/uploads\/2022\/11\/Capture-de\u0301cran-2022-11-18-a\u0300-19.34.08-768x511.png 768w, https:\/\/carpejenn.com\/wp-content\/uploads\/2022\/11\/Capture-de\u0301cran-2022-11-18-a\u0300-19.34.08.png 1070w\" sizes=\"(max-width: 1024px) 100vw, 1024px\" \/><\/figure>\n\n\n\n<p>3h39 plus tard, nous arrivons enfin \u00e0 Dolisie. Savais-tu que le nom &#8220;Dolisie&#8221; \u00e9tait le nom d&#8217;un administrateur colonial fran\u00e7ais et que la ville a \u00e9t\u00e9 nomm\u00e9e ainsi pour lui rendre hommage ? Moi non plus avant d&#8217;\u00e9crire cet article&#8230; Dolisie est la 3e plus grande ville du pays apr\u00e8s Brazzaville et Pointe-Noire. La premi\u00e8re visite peut-\u00eatre surprenante : tout est litt\u00e9ralement rouge. Le sol de la r\u00e9gion tr\u00e8s argileux cr\u00e9e des d\u00e9pots de poussi\u00e8re rouge absolument partout. C&#8217;est d&#8217;ailleurs en r\u00e9f\u00e9rence \u00e0 l&#8217;argile que les taxis sont rouges \u00e0 Dolisie. <\/p>\n\n\n\n<p>Si aujourd&#8217;hui Dolisie ne rayonne plus comme il y a quelques d\u00e9cennies, c&#8217;est pourtant une ville qui a eu la c\u00f4te ! La ville \u00e9tait un endroit strat\u00e9gique pour le stockage et la transformation du bois gr\u00e2ce \u00e0 sa position g\u00e9ograhique. Elle faisait parfaitement le lien entre le Niari (ou se trouvaient bon nombre d&#8217;exploitations foresti\u00e8res) et le Kouilou (ou se trouve Pointe-Noire et son port). <\/p>\n\n\n\n<p>La ville est beaucoup plus calme aujourd&#8217;hui et pr\u00e9sente quelques endroits embl\u00e9matiques qu&#8217;il est interessant de voir comme le march\u00e9 sur deux \u00e9tages (je crois que c&#8217;est le seul du Congo), le stade de football, et le tr\u00e8s joli lac Thomas. La ville \u00e9tant dans une cuvette, il fait assez frais la nuit (les temp\u00e9ratures descendent jusqu&#8217;\u00e0 10 degr\u00e9s) mais cette position g\u00e9ographique permet aussi de pouvoir jouir d&#8217;une vue sur les montages \u00e0 360\u00b0. Au coucher du soleil c&#8217;est juste sublime. <\/p>\n\n\n\n<h2 class=\"wp-block-heading\">Les chutes de Sossi&nbsp;<\/h2>\n\n\n\n<p>A environ une demi-heure de Dolisie, se trouve le village de Sossi, tr\u00e8s connu pour deux activit\u00e9s : sa cascade et ses grottes. Nous n&#8217;avons fait que la cascade. La petite randonn\u00e9e d&#8217;une vingtaine de minutes pour s&#8217;y rendre est vraiment trop cool (voir dans le vlog \u00e0 partir de 4&#8217;40 min) . En septembre c&#8217;est la saison s\u00e8che, le sol \u00e9tait donc sec et dur. J&#8217;imagine qu&#8217;en saison des pluies, \u00e7a doit plus \u00eatre la gadoue. <\/p>\n\n\n\n<figure class=\"wp-block-gallery has-nested-images columns-default is-cropped wp-block-gallery-1 is-layout-flex wp-block-gallery-is-layout-flex\">\n<figure class=\"wp-block-image size-large\"><img loading=\"lazy\" decoding=\"async\" width=\"684\" height=\"1024\" data-id=\"2108\" src=\"https:\/\/carpejenn.com\/wp-content\/uploads\/2022\/11\/Capture-de\u0301cran-2022-11-18-a\u0300-13.52.13.png\" alt=\"\" class=\"wp-image-2108\" srcset=\"https:\/\/carpejenn.com\/wp-content\/uploads\/2022\/11\/Capture-de\u0301cran-2022-11-18-a\u0300-13.52.13.png 684w, https:\/\/carpejenn.com\/wp-content\/uploads\/2022\/11\/Capture-de\u0301cran-2022-11-18-a\u0300-13.52.13-200x300.png 200w\" sizes=\"(max-width: 684px) 100vw, 684px\" \/><\/figure>\n\n\n\n<figure class=\"wp-block-image size-large\"><img loading=\"lazy\" decoding=\"async\" width=\"679\" height=\"1024\" data-id=\"2109\" src=\"https:\/\/carpejenn.com\/wp-content\/uploads\/2022\/11\/Capture-de\u0301cran-2022-11-18-a\u0300-13.51.56-679x1024.png\" alt=\"\" class=\"wp-image-2109\" srcset=\"https:\/\/carpejenn.com\/wp-content\/uploads\/2022\/11\/Capture-de\u0301cran-2022-11-18-a\u0300-13.51.56-679x1024.png 679w, https:\/\/carpejenn.com\/wp-content\/uploads\/2022\/11\/Capture-de\u0301cran-2022-11-18-a\u0300-13.51.56-199x300.png 199w, https:\/\/carpejenn.com\/wp-content\/uploads\/2022\/11\/Capture-de\u0301cran-2022-11-18-a\u0300-13.51.56.png 740w\" sizes=\"(max-width: 679px) 100vw, 679px\" \/><\/figure>\n<\/figure>\n\n\n\n<figure class=\"wp-block-gallery has-nested-images columns-default is-cropped wp-block-gallery-2 is-layout-flex wp-block-gallery-is-layout-flex\">\n<figure class=\"wp-block-image size-large\"><img loading=\"lazy\" decoding=\"async\" width=\"676\" height=\"1024\" data-id=\"2116\" src=\"https:\/\/carpejenn.com\/wp-content\/uploads\/2022\/11\/Capture-de\u0301cran-2022-11-18-a\u0300-19.38.55-676x1024.png\" alt=\"\" class=\"wp-image-2116\" srcset=\"https:\/\/carpejenn.com\/wp-content\/uploads\/2022\/11\/Capture-de\u0301cran-2022-11-18-a\u0300-19.38.55-676x1024.png 676w, https:\/\/carpejenn.com\/wp-content\/uploads\/2022\/11\/Capture-de\u0301cran-2022-11-18-a\u0300-19.38.55-198x300.png 198w, https:\/\/carpejenn.com\/wp-content\/uploads\/2022\/11\/Capture-de\u0301cran-2022-11-18-a\u0300-19.38.55.png 728w\" sizes=\"(max-width: 676px) 100vw, 676px\" \/><\/figure>\n\n\n\n<figure class=\"wp-block-image size-large\"><img loading=\"lazy\" decoding=\"async\" width=\"652\" height=\"988\" data-id=\"2115\" src=\"https:\/\/carpejenn.com\/wp-content\/uploads\/2022\/11\/Capture-de\u0301cran-2022-11-18-a\u0300-19.38.20.png\" alt=\"\" class=\"wp-image-2115\" srcset=\"https:\/\/carpejenn.com\/wp-content\/uploads\/2022\/11\/Capture-de\u0301cran-2022-11-18-a\u0300-19.38.20.png 652w, https:\/\/carpejenn.com\/wp-content\/uploads\/2022\/11\/Capture-de\u0301cran-2022-11-18-a\u0300-19.38.20-198x300.png 198w\" sizes=\"(max-width: 652px) 100vw, 652px\" \/><\/figure>\n<\/figure>\n\n\n\n<p>La chute en elle-m\u00eame est aussi tr\u00e8s jolie. L&#8217;eau fra\u00eeche fait vraiment du bien apr\u00e8s la petite marche. Sur place, nous avons rencontr\u00e9 deux jeunes filles qui venaient d&#8217;un village voisin. Elles \u00e9tait venues remplir des bouteilles d&#8217;eau pour les ramener \u00e0 une personne malade. L&#8217;eau de cette cascade aurait des vertus soignantes. Nous sommes rest\u00e9s environ 45 minutes sur place, avant de reprendre la route pour Dolisie. <\/p>\n\n\n\n<p>Je suis tr\u00e8s contente d&#8217;avoir d\u00e9couvert cette p\u00e9pite de la r\u00e9gion. C&#8217;est pas tous les jours qu&#8217;on a une cascade pour soi.  <\/p>\n\n\n\n<p><\/p>\n","protected":false},"excerpt":{"rendered":"<p>Plus de 15 ans que je n\u2019avais pas mis les pieds \u00e0 Dolisie, la ville rouge du Congo. A l\u2019\u00e9poque, le trajet en voiture nous avait pris plus de 6 heures. Mais \u00e7a c\u2019\u00e9tait avant. Depuis \u2026 les 162 kilom\u00e8tres se font en seulement 3h30, et la qualit\u00e9 de la route est au rdv ! [&hellip;]<\/p>\n","protected":false},"author":2,"featured_media":2105,"comment_status":"open","ping_status":"open","sticky":false,"template":"","format":"standard","meta":{"om_disable_all_campaigns":false,"_exactmetrics_skip_tracking":false,"_exactmetrics_sitenote_active":false,"_exactmetrics_sitenote_note":"","_exactmetrics_sitenote_category":0,"footnotes":""},"categories":[52,58,4],"tags":[],"class_list":["post-2099","post","type-post","status-publish","format-standard","has-post-thumbnail","hentry","category-afrique","category-tous-les-voyages","category-voyages"],"aioseo_notices":[],"_links":{"self":[{"href":"https:\/\/carpejenn.com\/index.php\/wp-json\/wp\/v2\/posts\/2099"}],"collection":[{"href":"https:\/\/carpejenn.com\/index.php\/wp-json\/wp\/v2\/posts"}],"about":[{"href":"https:\/\/carpejenn.com\/index.php\/wp-json\/wp\/v2\/types\/post"}],"author":[{"embeddable":true,"href":"https:\/\/carpejenn.com\/index.php\/wp-json\/wp\/v2\/users\/2"}],"replies":[{"embeddable":true,"href":"https:\/\/carpejenn.com\/index.php\/wp-json\/wp\/v2\/comments?post=2099"}],"version-history":[{"count":12,"href":"https:\/\/carpejenn.com\/index.php\/wp-json\/wp\/v2\/posts\/2099\/revisions"}],"predecessor-version":[{"id":2119,"href":"https:\/\/carpejenn.com\/index.php\/wp-json\/wp\/v2\/posts\/2099\/revisions\/2119"}],"wp:featuredmedia":[{"embeddable":true,"href":"https:\/\/carpejenn.com\/index.php\/wp-json\/wp\/v2\/media\/2105"}],"wp:attachment":[{"href":"https:\/\/carpejenn.com\/index.php\/wp-json\/wp\/v2\/media?parent=2099"}],"wp:term":[{"taxonomy":"category","embeddable":true,"href":"https:\/\/carpejenn.com\/index.php\/wp-json\/wp\/v2\/categories?post=2099"},{"taxonomy":"post_tag","embeddable":true,"href":"https:\/\/carpejenn.com\/index.php\/wp-json\/wp\/v2\/tags?post=2099"}],"curies":[{"name":"wp","href":"https:\/\/api.w.org\/{rel}","templated":true}]}}