{"id":270,"date":"2019-06-09T20:54:51","date_gmt":"2019-06-09T20:54:51","guid":{"rendered":"http:\/\/carpejenn.com\/?p=270"},"modified":"2020-07-08T19:09:11","modified_gmt":"2020-07-08T17:09:11","slug":"5-jours-a-lisbonne","status":"publish","type":"post","link":"https:\/\/carpejenn.com\/index.php\/voyages\/5-jours-a-lisbonne\/","title":{"rendered":"5 jours \u00e0 Lisbonne"},"content":{"rendered":"\n<p>J&#8217;ai toujours voulu aller \u00e0 Lisbonne, mais cela n&#8217;a jamais \u00e9t\u00e9 une priorit\u00e9 dans mes voyages. Cette ann\u00e9e, cette ville est tomb\u00e9e dans mon calendrier de vacances un peu par hasard, et j&#8217;\u00e9tais contente d&#8217;y aller mais sans plus&#8230; Une fois le s\u00e9jour commenc\u00e9, je me suis rendue compte que cette ville est vraiment magnifique! Et mon plus profond regret est de ne pas m&#8217;en \u00eatre rendue compte plus t\u00f4t! J&#8217;ai litt\u00e9ralement eu un coup de coeur, et si une chose est s\u00fbre, c&#8217;est que j&#8217;y retournerai avec plaisir!<br><\/p>\n\n\n\n<figure class=\"wp-block-image\"><img loading=\"lazy\" decoding=\"async\" width=\"1024\" height=\"683\" src=\"http:\/\/carpejenn.com\/wp-content\/uploads\/2019\/06\/6797334D-D774-40D5-BA87-5624C618C12D-1024x683.jpg\" alt=\"\" class=\"wp-image-271\" srcset=\"https:\/\/carpejenn.com\/wp-content\/uploads\/2019\/06\/6797334D-D774-40D5-BA87-5624C618C12D-1024x683.jpg 1024w, https:\/\/carpejenn.com\/wp-content\/uploads\/2019\/06\/6797334D-D774-40D5-BA87-5624C618C12D-300x200.jpg 300w, https:\/\/carpejenn.com\/wp-content\/uploads\/2019\/06\/6797334D-D774-40D5-BA87-5624C618C12D-768x512.jpg 768w\" sizes=\"(max-width: 1024px) 100vw, 1024px\" \/><\/figure>\n\n\n\n<h2 class=\"wp-block-heading\">Lisbonne, la vie tranquille<\/h2>\n\n\n\n<p>Les rues ensoleill\u00e9es, les fa\u00e7ades color\u00e9es par les carreaux de c\u00e9ramique, la bonne humeur des gens, le m\u00e9lange d&#8217;ancien et de nouveau, la nourriture locale&#8230; rendent cette ville tellement charmante et agr\u00e9able, qu&#8217;on est oblig\u00e9s de s&#8217;y plaire. 5 jours pour faire le tour de la ville est \u00e0 mon sens le temps id\u00e9al, on fait tout sans se presser et on a m\u00eame le temps de refaire des endroits qu&#8217;on a envie de revoir.  Voici tout ce que j&#8217;ai eu le temps de faire en 5 jours.<br><\/p>\n\n\n\n<figure class=\"wp-block-image\"><img loading=\"lazy\" decoding=\"async\" width=\"819\" height=\"1024\" src=\"http:\/\/carpejenn.com\/wp-content\/uploads\/2019\/06\/IMG_7711-819x1024.jpg\" alt=\"\" class=\"wp-image-310\" srcset=\"https:\/\/carpejenn.com\/wp-content\/uploads\/2019\/06\/IMG_7711-819x1024.jpg 819w, https:\/\/carpejenn.com\/wp-content\/uploads\/2019\/06\/IMG_7711-240x300.jpg 240w, https:\/\/carpejenn.com\/wp-content\/uploads\/2019\/06\/IMG_7711-768x960.jpg 768w, https:\/\/carpejenn.com\/wp-content\/uploads\/2019\/06\/IMG_7711.jpg 990w\" sizes=\"(max-width: 819px) 100vw, 819px\" \/><figcaption>Funiculaire de Bica<\/figcaption><\/figure>\n\n\n\n<h2 class=\"wp-block-heading\">1. Les miradouros<\/h2>\n\n\n\n<p>Lisbonne est une ville b\u00e2tie sur de nombreuses collines, elle offre plusieurs panoramas, les miradouros pour admirer la ville de mani\u00e8re panomarique. Parmi eux: Santa Luzia, Santa Catarina, Sao Pedro de Alcantara, Portas do sol et d&#8217;autres. Ce sont des endroits que je trouve tr\u00e8s agr\u00e9ables surtout au coucher du soleil, la lumi\u00e8re naturelle du soleil qui se pose sur les toits rouges de la ville cr\u00e9e une atmosph\u00e8re calme et apaisante. <\/p>\n\n\n\n<figure class=\"wp-block-image\"><img loading=\"lazy\" decoding=\"async\" width=\"1024\" height=\"576\" src=\"http:\/\/carpejenn.com\/wp-content\/uploads\/2019\/06\/D9514F44-40CD-48A8-B75D-C90D7BBB1B4C-1024x576.jpg\" alt=\"\" class=\"wp-image-272\" srcset=\"https:\/\/carpejenn.com\/wp-content\/uploads\/2019\/06\/D9514F44-40CD-48A8-B75D-C90D7BBB1B4C-1024x576.jpg 1024w, https:\/\/carpejenn.com\/wp-content\/uploads\/2019\/06\/D9514F44-40CD-48A8-B75D-C90D7BBB1B4C-300x169.jpg 300w, https:\/\/carpejenn.com\/wp-content\/uploads\/2019\/06\/D9514F44-40CD-48A8-B75D-C90D7BBB1B4C-768x432.jpg 768w\" sizes=\"(max-width: 1024px) 100vw, 1024px\" \/><\/figure>\n\n\n\n<h2 class=\"wp-block-heading\">2. Les lieux embl\u00e9matiques<\/h2>\n\n\n\n<h4 class=\"wp-block-heading\">Pra\u00e7a da comercio + Rua Augustia<\/h4>\n\n\n\n<p>Situ\u00e9e dans le quartier de Baxia, la pra\u00e7a da comercio est une grande place d\u00e9gag\u00e9e et color\u00e9e ou tu peux te poser et admirer la vie passer: les trams, les personnes qui se rendent au travail, les touristes qui prennent de jolies photos&#8230; Perpendiculairement \u00e0 lui, se trouve la rue Augustia, rue commerciale pi\u00e9tonne compos\u00e9e de nombreux magasins et restaurants. <\/p>\n\n\n\n<figure class=\"wp-block-image\"><img loading=\"lazy\" decoding=\"async\" width=\"625\" height=\"1024\" src=\"http:\/\/carpejenn.com\/wp-content\/uploads\/2019\/06\/C01F6E01-49B9-445E-BF53-5503EC1BA9DE-625x1024.jpg\" alt=\"\" class=\"wp-image-273\" srcset=\"https:\/\/carpejenn.com\/wp-content\/uploads\/2019\/06\/C01F6E01-49B9-445E-BF53-5503EC1BA9DE-625x1024.jpg 625w, https:\/\/carpejenn.com\/wp-content\/uploads\/2019\/06\/C01F6E01-49B9-445E-BF53-5503EC1BA9DE-183x300.jpg 183w, https:\/\/carpejenn.com\/wp-content\/uploads\/2019\/06\/C01F6E01-49B9-445E-BF53-5503EC1BA9DE-768x1258.jpg 768w\" sizes=\"(max-width: 625px) 100vw, 625px\" \/><figcaption>pra\u00e7a da comercio<\/figcaption><\/figure>\n\n\n\n<h4 class=\"wp-block-heading\">Le Quartier de BELEM<\/h4>\n\n\n\n<p>Bel\u00e9m est un quartier situ\u00e9 \u00e0 l&#8217;est du centre de Lisbonne et vaut le coup d&#8217;y aller pour au moins 4 raisons:<\/p>\n\n\n\n<p><em><strong>LE MONASTERE DES HIERONYMITES:<\/strong><\/em>Qu&#8217;on soit religieux ou pas, cet \u00e9difice vaut le coup d&#8217;\u00eatre vu ne serait-ce que pour son architecture qui est magnifique. Si tu veux le visiter calmement, je te conseille d&#8217;y aller d\u00e8s l&#8217;ouverture car la queue peut \u00eatre longue! Nous y sommes y aller vers 14h, et avons vite renonc\u00e9 en voyant la queue interminable sous 30\u00b0C brulants. Nous avons d\u00e9cid\u00e9 de le refaire deux jours plus tard en arrivant pour l&#8217;ouverture, et nous avons bien fait, c&#8217;\u00e9tait beaucoup plus calme.<\/p>\n\n\n\n<ul class=\"wp-block-gallery columns-2 is-cropped wp-block-gallery-1 is-layout-flex wp-block-gallery-is-layout-flex\"><li class=\"blocks-gallery-item\"><figure><img loading=\"lazy\" decoding=\"async\" width=\"1024\" height=\"815\" src=\"http:\/\/carpejenn.com\/wp-content\/uploads\/2019\/06\/IMG_8360-1024x815.jpg\" alt=\"\" data-id=\"275\" data-link=\"http:\/\/carpejenn.com\/?attachment_id=275\" class=\"wp-image-275\" srcset=\"https:\/\/carpejenn.com\/wp-content\/uploads\/2019\/06\/IMG_8360-1024x815.jpg 1024w, https:\/\/carpejenn.com\/wp-content\/uploads\/2019\/06\/IMG_8360-300x239.jpg 300w, https:\/\/carpejenn.com\/wp-content\/uploads\/2019\/06\/IMG_8360-768x612.jpg 768w, https:\/\/carpejenn.com\/wp-content\/uploads\/2019\/06\/IMG_8360.jpg 1242w\" sizes=\"(max-width: 1024px) 100vw, 1024px\" \/><\/figure><\/li><li class=\"blocks-gallery-item\"><figure><img loading=\"lazy\" decoding=\"async\" width=\"1024\" height=\"576\" src=\"http:\/\/carpejenn.com\/wp-content\/uploads\/2019\/06\/58E49551-8325-4BA3-A975-0287D15D1186-1024x576.jpg\" alt=\"\" data-id=\"274\" data-link=\"http:\/\/carpejenn.com\/?attachment_id=274\" class=\"wp-image-274\" srcset=\"https:\/\/carpejenn.com\/wp-content\/uploads\/2019\/06\/58E49551-8325-4BA3-A975-0287D15D1186-1024x576.jpg 1024w, https:\/\/carpejenn.com\/wp-content\/uploads\/2019\/06\/58E49551-8325-4BA3-A975-0287D15D1186-300x169.jpg 300w, https:\/\/carpejenn.com\/wp-content\/uploads\/2019\/06\/58E49551-8325-4BA3-A975-0287D15D1186-768x432.jpg 768w\" sizes=\"(max-width: 1024px) 100vw, 1024px\" \/><\/figure><\/li><\/ul>\n\n\n\n<p><strong><em>PATISSERIE PASTEIS DE BELEM: <\/em><\/strong>En sortant de votre visite, arr\u00eate-toi \u00e0 la p\u00e2tisserie PASTEIS DE BELEM qui se trouve juste \u00e0 cot\u00e9 du monast\u00e8re, et goute LA sp\u00e9cialit\u00e9 locale, la fameuse past\u00e9is! Ne te laisse pas d\u00e9courager par la queue qui peut sembler longue, elle avance tr\u00e8s rapidement<\/p>\n\n\n\n<figure class=\"wp-block-image\"><img loading=\"lazy\" decoding=\"async\" width=\"768\" height=\"1024\" src=\"http:\/\/carpejenn.com\/wp-content\/uploads\/2019\/06\/6CBF5FDF-C9DD-411A-8481-E715309AB521-768x1024.jpg\" alt=\"past\u00e9is de bel\u00e9m\" class=\"wp-image-277\" srcset=\"https:\/\/carpejenn.com\/wp-content\/uploads\/2019\/06\/6CBF5FDF-C9DD-411A-8481-E715309AB521-768x1024.jpg 768w, https:\/\/carpejenn.com\/wp-content\/uploads\/2019\/06\/6CBF5FDF-C9DD-411A-8481-E715309AB521-225x300.jpg 225w, https:\/\/carpejenn.com\/wp-content\/uploads\/2019\/06\/6CBF5FDF-C9DD-411A-8481-E715309AB521.jpg 1200w\" sizes=\"(max-width: 768px) 100vw, 768px\" \/><\/figure>\n\n\n\n<p><em><strong>LA TOUR DE BELEM:<\/strong><\/em>Situ\u00e9e \u00e0 quelques kms \u00e0 peine du monast\u00e8re, se trouve la tour de Bel\u00e9m. Initialement, celle-ci avait \u00e9t\u00e9 construite pour la garder du port. Si elle n&#8217;est plus utilis\u00e9e aujourd&#8217;hui en tant que poste de surveillance, elle reste un joli lieu qui fait le bonheur des curieux. <\/p>\n\n\n\n<div class=\"wp-block-image\"><figure class=\"aligncenter\"><img loading=\"lazy\" decoding=\"async\" width=\"817\" height=\"1024\" src=\"http:\/\/carpejenn.com\/wp-content\/uploads\/2019\/06\/IMG_7809-817x1024.jpg\" alt=\"\" class=\"wp-image-276\" srcset=\"https:\/\/carpejenn.com\/wp-content\/uploads\/2019\/06\/IMG_7809-817x1024.jpg 817w, https:\/\/carpejenn.com\/wp-content\/uploads\/2019\/06\/IMG_7809-239x300.jpg 239w, https:\/\/carpejenn.com\/wp-content\/uploads\/2019\/06\/IMG_7809-768x962.jpg 768w, https:\/\/carpejenn.com\/wp-content\/uploads\/2019\/06\/IMG_7809.jpg 989w\" sizes=\"(max-width: 817px) 100vw, 817px\" \/><\/figure><\/div>\n\n\n\n<p><strong><em>LX FACTORY:<\/em><\/strong> le village des artistes! Anciennement une zone industrielle, ce petit bout de quartier a totalement \u00e9t\u00e9 r\u00e9am\u00e9nag\u00e9 et regroupe aujourd&#8217;hui des galeries d&#8217;art, une grande librairie, de nombreux restaurants et un street art incroyable! Quand j&#8217;ai vu cet endroit pour la premi\u00e8re fois, il m&#8217;a fait pens\u00e9 au Bercy Village (petites rues pav\u00e9es bord\u00e9es de part et d&#8217;autres de petites enseignes). <\/p>\n\n\n\n<ul class=\"wp-block-gallery columns-3 is-cropped wp-block-gallery-2 is-layout-flex wp-block-gallery-is-layout-flex\"><li class=\"blocks-gallery-item\"><figure><img loading=\"lazy\" decoding=\"async\" width=\"829\" height=\"1024\" src=\"http:\/\/carpejenn.com\/wp-content\/uploads\/2019\/06\/IMG_7810-829x1024.jpg\" alt=\"\" data-id=\"279\" data-link=\"http:\/\/carpejenn.com\/?attachment_id=279\" class=\"wp-image-279\" srcset=\"https:\/\/carpejenn.com\/wp-content\/uploads\/2019\/06\/IMG_7810-829x1024.jpg 829w, https:\/\/carpejenn.com\/wp-content\/uploads\/2019\/06\/IMG_7810-243x300.jpg 243w, https:\/\/carpejenn.com\/wp-content\/uploads\/2019\/06\/IMG_7810-768x948.jpg 768w, https:\/\/carpejenn.com\/wp-content\/uploads\/2019\/06\/IMG_7810.jpg 992w\" sizes=\"(max-width: 829px) 100vw, 829px\" \/><\/figure><\/li><li class=\"blocks-gallery-item\"><figure><img loading=\"lazy\" decoding=\"async\" width=\"822\" height=\"1024\" src=\"http:\/\/carpejenn.com\/wp-content\/uploads\/2019\/06\/IMG_7815-822x1024.jpg\" alt=\"\" data-id=\"280\" data-link=\"http:\/\/carpejenn.com\/?attachment_id=280\" class=\"wp-image-280\" srcset=\"https:\/\/carpejenn.com\/wp-content\/uploads\/2019\/06\/IMG_7815-822x1024.jpg 822w, https:\/\/carpejenn.com\/wp-content\/uploads\/2019\/06\/IMG_7815-241x300.jpg 241w, https:\/\/carpejenn.com\/wp-content\/uploads\/2019\/06\/IMG_7815-768x957.jpg 768w, https:\/\/carpejenn.com\/wp-content\/uploads\/2019\/06\/IMG_7815.jpg 979w\" sizes=\"(max-width: 822px) 100vw, 822px\" \/><\/figure><\/li><li class=\"blocks-gallery-item\"><figure><img loading=\"lazy\" decoding=\"async\" width=\"811\" height=\"1024\" src=\"http:\/\/carpejenn.com\/wp-content\/uploads\/2019\/06\/IMG_7829-811x1024.jpg\" alt=\"\" data-id=\"281\" data-link=\"http:\/\/carpejenn.com\/?attachment_id=281\" class=\"wp-image-281\" srcset=\"https:\/\/carpejenn.com\/wp-content\/uploads\/2019\/06\/IMG_7829-811x1024.jpg 811w, https:\/\/carpejenn.com\/wp-content\/uploads\/2019\/06\/IMG_7829-238x300.jpg 238w, https:\/\/carpejenn.com\/wp-content\/uploads\/2019\/06\/IMG_7829-768x970.jpg 768w, https:\/\/carpejenn.com\/wp-content\/uploads\/2019\/06\/IMG_7829.jpg 974w\" sizes=\"(max-width: 811px) 100vw, 811px\" \/><\/figure><\/li><li class=\"blocks-gallery-item\"><figure><img loading=\"lazy\" decoding=\"async\" width=\"768\" height=\"1024\" src=\"http:\/\/carpejenn.com\/wp-content\/uploads\/2019\/06\/58F9A3BE-94BD-496A-92DB-74574C629807-1-768x1024.jpg\" alt=\"\" data-id=\"282\" data-link=\"http:\/\/carpejenn.com\/?attachment_id=282\" class=\"wp-image-282\" srcset=\"https:\/\/carpejenn.com\/wp-content\/uploads\/2019\/06\/58F9A3BE-94BD-496A-92DB-74574C629807-1-768x1024.jpg 768w, https:\/\/carpejenn.com\/wp-content\/uploads\/2019\/06\/58F9A3BE-94BD-496A-92DB-74574C629807-1-225x300.jpg 225w, https:\/\/carpejenn.com\/wp-content\/uploads\/2019\/06\/58F9A3BE-94BD-496A-92DB-74574C629807-1.jpg 1200w\" sizes=\"(max-width: 768px) 100vw, 768px\" \/><\/figure><\/li><li class=\"blocks-gallery-item\"><figure><img loading=\"lazy\" decoding=\"async\" width=\"576\" height=\"1024\" src=\"http:\/\/carpejenn.com\/wp-content\/uploads\/2019\/06\/9B2BCB39-F1EF-4F8B-93FD-09E167B499CE-576x1024.jpg\" alt=\"\" data-id=\"283\" data-link=\"http:\/\/carpejenn.com\/?attachment_id=283\" class=\"wp-image-283\" srcset=\"https:\/\/carpejenn.com\/wp-content\/uploads\/2019\/06\/9B2BCB39-F1EF-4F8B-93FD-09E167B499CE-576x1024.jpg 576w, https:\/\/carpejenn.com\/wp-content\/uploads\/2019\/06\/9B2BCB39-F1EF-4F8B-93FD-09E167B499CE-169x300.jpg 169w, https:\/\/carpejenn.com\/wp-content\/uploads\/2019\/06\/9B2BCB39-F1EF-4F8B-93FD-09E167B499CE-768x1365.jpg 768w\" sizes=\"(max-width: 576px) 100vw, 576px\" \/><\/figure><\/li><\/ul>\n\n\n\n<h4 class=\"wp-block-heading\">Le mus\u00e9e de la c\u00e9ramique<\/h4>\n\n\n\n<p>La c\u00e9ramique est une composant principale de l&#8217;architecture de Lisbonne, et je trouve que s&#8217;il y a un mus\u00e9e \u00e0 faire \u00e0 Lisbonne, c&#8217;est bien celui-l\u00e0! J&#8217;ai d&#8217;ailleurs d\u00e9couvert que azulejo (c\u00e9ramique) \u00e9tait un mot d&#8217;origine arabe qui veut dire &#8220;petite pierre polie&#8221;<\/p>\n\n\n\n<ul class=\"wp-block-gallery columns-2 is-cropped wp-block-gallery-3 is-layout-flex wp-block-gallery-is-layout-flex\"><li class=\"blocks-gallery-item\"><figure><img loading=\"lazy\" decoding=\"async\" width=\"798\" height=\"1024\" src=\"http:\/\/carpejenn.com\/wp-content\/uploads\/2019\/06\/2283ECE0-9838-4CEB-97E4-FDFDDEEFFE6A-798x1024.jpg\" alt=\"\" data-id=\"285\" data-link=\"http:\/\/carpejenn.com\/?attachment_id=285\" class=\"wp-image-285\" srcset=\"https:\/\/carpejenn.com\/wp-content\/uploads\/2019\/06\/2283ECE0-9838-4CEB-97E4-FDFDDEEFFE6A-798x1024.jpg 798w, https:\/\/carpejenn.com\/wp-content\/uploads\/2019\/06\/2283ECE0-9838-4CEB-97E4-FDFDDEEFFE6A-234x300.jpg 234w, https:\/\/carpejenn.com\/wp-content\/uploads\/2019\/06\/2283ECE0-9838-4CEB-97E4-FDFDDEEFFE6A-768x986.jpg 768w\" sizes=\"(max-width: 798px) 100vw, 798px\" \/><\/figure><\/li><li class=\"blocks-gallery-item\"><figure><img loading=\"lazy\" decoding=\"async\" width=\"773\" height=\"1024\" src=\"http:\/\/carpejenn.com\/wp-content\/uploads\/2019\/06\/6154AC7F-4B83-41B5-A84F-448806DDC1EE-773x1024.jpg\" alt=\"\" data-id=\"286\" data-link=\"http:\/\/carpejenn.com\/?attachment_id=286\" class=\"wp-image-286\" srcset=\"https:\/\/carpejenn.com\/wp-content\/uploads\/2019\/06\/6154AC7F-4B83-41B5-A84F-448806DDC1EE-773x1024.jpg 773w, https:\/\/carpejenn.com\/wp-content\/uploads\/2019\/06\/6154AC7F-4B83-41B5-A84F-448806DDC1EE-226x300.jpg 226w, https:\/\/carpejenn.com\/wp-content\/uploads\/2019\/06\/6154AC7F-4B83-41B5-A84F-448806DDC1EE-768x1018.jpg 768w\" sizes=\"(max-width: 773px) 100vw, 773px\" \/><\/figure><\/li><\/ul>\n\n\n\n<h4 class=\"wp-block-heading\">Les chateaux de la ville de SINTRA<\/h4>\n\n\n\n<p>Nous ne sommes plus dans Lisbonne, mais dans la ville \u00e0 cot\u00e9 (environ 40 min de train). Cette ville est connue pour concentrer de nombreux palais royaux, tous visitables. C&#8217;est une ville tr\u00e8s touristique, on le comprend tr\u00e8s vite en d\u00e9couvrant la fanfare de bus touristiques visibles d\u00e8s la sortie de la gare. Diff\u00e9rents circuits sont propos\u00e9s pour la visite des chateaux. Personnellement, nous n&#8217;en avons fait qu&#8217;un, le <em>PALACIO NACIONAL DE PENA <\/em>(le plus color\u00e9!), et avec le monde et les heures de queue qui vont avec, je me demande s&#8217;il est vraiment possible de tous les visiter en one shot sans y passer 3 jours d&#8217;affil\u00e9s.  <br><\/p>\n\n\n\n<ul class=\"wp-block-gallery columns-3 is-cropped wp-block-gallery-4 is-layout-flex wp-block-gallery-is-layout-flex\"><li class=\"blocks-gallery-item\"><figure><img loading=\"lazy\" decoding=\"async\" width=\"1024\" height=\"576\" src=\"http:\/\/carpejenn.com\/wp-content\/uploads\/2019\/06\/849E5B87-1B4A-4CC0-B6BD-3C31CD60AEA6-1024x576.jpg\" alt=\"\" data-id=\"288\" data-link=\"http:\/\/carpejenn.com\/?attachment_id=288\" class=\"wp-image-288\" srcset=\"https:\/\/carpejenn.com\/wp-content\/uploads\/2019\/06\/849E5B87-1B4A-4CC0-B6BD-3C31CD60AEA6-1024x576.jpg 1024w, https:\/\/carpejenn.com\/wp-content\/uploads\/2019\/06\/849E5B87-1B4A-4CC0-B6BD-3C31CD60AEA6-300x169.jpg 300w, https:\/\/carpejenn.com\/wp-content\/uploads\/2019\/06\/849E5B87-1B4A-4CC0-B6BD-3C31CD60AEA6-768x432.jpg 768w, https:\/\/carpejenn.com\/wp-content\/uploads\/2019\/06\/849E5B87-1B4A-4CC0-B6BD-3C31CD60AEA6.jpg 1440w\" sizes=\"(max-width: 1024px) 100vw, 1024px\" \/><\/figure><\/li><li class=\"blocks-gallery-item\"><figure><img loading=\"lazy\" decoding=\"async\" width=\"1024\" height=\"811\" src=\"http:\/\/carpejenn.com\/wp-content\/uploads\/2019\/06\/B826FF90-EC8F-428F-90D3-0DFAC6A89363-1024x811.jpg\" alt=\"\" data-id=\"289\" data-link=\"http:\/\/carpejenn.com\/?attachment_id=289\" class=\"wp-image-289\" srcset=\"https:\/\/carpejenn.com\/wp-content\/uploads\/2019\/06\/B826FF90-EC8F-428F-90D3-0DFAC6A89363-1024x811.jpg 1024w, https:\/\/carpejenn.com\/wp-content\/uploads\/2019\/06\/B826FF90-EC8F-428F-90D3-0DFAC6A89363-300x238.jpg 300w, https:\/\/carpejenn.com\/wp-content\/uploads\/2019\/06\/B826FF90-EC8F-428F-90D3-0DFAC6A89363-768x609.jpg 768w, https:\/\/carpejenn.com\/wp-content\/uploads\/2019\/06\/B826FF90-EC8F-428F-90D3-0DFAC6A89363.jpg 1440w\" sizes=\"(max-width: 1024px) 100vw, 1024px\" \/><\/figure><\/li><li class=\"blocks-gallery-item\"><figure><img loading=\"lazy\" decoding=\"async\" width=\"683\" height=\"1024\" src=\"http:\/\/carpejenn.com\/wp-content\/uploads\/2019\/06\/0B327814-A63E-4D3C-9D69-CF7FEAF0BB5C-683x1024.jpg\" alt=\"\" data-id=\"290\" data-link=\"http:\/\/carpejenn.com\/?attachment_id=290\" class=\"wp-image-290\" srcset=\"https:\/\/carpejenn.com\/wp-content\/uploads\/2019\/06\/0B327814-A63E-4D3C-9D69-CF7FEAF0BB5C-683x1024.jpg 683w, https:\/\/carpejenn.com\/wp-content\/uploads\/2019\/06\/0B327814-A63E-4D3C-9D69-CF7FEAF0BB5C-200x300.jpg 200w, https:\/\/carpejenn.com\/wp-content\/uploads\/2019\/06\/0B327814-A63E-4D3C-9D69-CF7FEAF0BB5C-768x1152.jpg 768w\" sizes=\"(max-width: 683px) 100vw, 683px\" \/><\/figure><\/li><li class=\"blocks-gallery-item\"><figure><img loading=\"lazy\" decoding=\"async\" width=\"683\" height=\"1024\" src=\"http:\/\/carpejenn.com\/wp-content\/uploads\/2019\/06\/59C47FB1-7522-46FE-A136-070492B3FBEB-683x1024.jpg\" alt=\"\" data-id=\"291\" data-link=\"http:\/\/carpejenn.com\/?attachment_id=291\" class=\"wp-image-291\" srcset=\"https:\/\/carpejenn.com\/wp-content\/uploads\/2019\/06\/59C47FB1-7522-46FE-A136-070492B3FBEB-683x1024.jpg 683w, https:\/\/carpejenn.com\/wp-content\/uploads\/2019\/06\/59C47FB1-7522-46FE-A136-070492B3FBEB-200x300.jpg 200w, https:\/\/carpejenn.com\/wp-content\/uploads\/2019\/06\/59C47FB1-7522-46FE-A136-070492B3FBEB-768x1152.jpg 768w\" sizes=\"(max-width: 683px) 100vw, 683px\" \/><\/figure><\/li><\/ul>\n\n\n\n<p>Dans Lisbonne m\u00eame, il y a aussi un joli ch\u00e2teau \u00e0 voir, celui de SAO JORGE qui se situe sur une des collines de la ville. Il offre une vue spectaculaire sur la ville avec ses nombreuses terrasses<\/p>\n\n\n\n<ul class=\"wp-block-gallery columns-3 is-cropped wp-block-gallery-5 is-layout-flex wp-block-gallery-is-layout-flex\"><li class=\"blocks-gallery-item\"><figure><img loading=\"lazy\" decoding=\"async\" width=\"1024\" height=\"768\" src=\"http:\/\/carpejenn.com\/wp-content\/uploads\/2019\/06\/2D97B9DB-E986-49D4-91C0-3B8F3640F2EB-1024x768.jpg\" alt=\"\" data-id=\"292\" data-link=\"http:\/\/carpejenn.com\/?attachment_id=292\" class=\"wp-image-292\" srcset=\"https:\/\/carpejenn.com\/wp-content\/uploads\/2019\/06\/2D97B9DB-E986-49D4-91C0-3B8F3640F2EB-1024x768.jpg 1024w, https:\/\/carpejenn.com\/wp-content\/uploads\/2019\/06\/2D97B9DB-E986-49D4-91C0-3B8F3640F2EB-300x225.jpg 300w, https:\/\/carpejenn.com\/wp-content\/uploads\/2019\/06\/2D97B9DB-E986-49D4-91C0-3B8F3640F2EB-768x576.jpg 768w\" sizes=\"(max-width: 1024px) 100vw, 1024px\" \/><\/figure><\/li><li class=\"blocks-gallery-item\"><figure><img loading=\"lazy\" decoding=\"async\" width=\"768\" height=\"1024\" src=\"http:\/\/carpejenn.com\/wp-content\/uploads\/2019\/06\/54DBCE72-65D6-40A8-A365-6755D10E3DBA-768x1024.jpg\" alt=\"\" data-id=\"293\" data-link=\"http:\/\/carpejenn.com\/?attachment_id=293\" class=\"wp-image-293\" srcset=\"https:\/\/carpejenn.com\/wp-content\/uploads\/2019\/06\/54DBCE72-65D6-40A8-A365-6755D10E3DBA-768x1024.jpg 768w, https:\/\/carpejenn.com\/wp-content\/uploads\/2019\/06\/54DBCE72-65D6-40A8-A365-6755D10E3DBA-225x300.jpg 225w\" sizes=\"(max-width: 768px) 100vw, 768px\" \/><\/figure><\/li><li class=\"blocks-gallery-item\"><figure><img loading=\"lazy\" decoding=\"async\" width=\"768\" height=\"1024\" src=\"http:\/\/carpejenn.com\/wp-content\/uploads\/2019\/06\/5564A0A9-4759-4966-A53C-D89C4309A0A0-768x1024.jpg\" alt=\"\" data-id=\"294\" data-link=\"http:\/\/carpejenn.com\/?attachment_id=294\" class=\"wp-image-294\" srcset=\"https:\/\/carpejenn.com\/wp-content\/uploads\/2019\/06\/5564A0A9-4759-4966-A53C-D89C4309A0A0-768x1024.jpg 768w, https:\/\/carpejenn.com\/wp-content\/uploads\/2019\/06\/5564A0A9-4759-4966-A53C-D89C4309A0A0-225x300.jpg 225w\" sizes=\"(max-width: 768px) 100vw, 768px\" \/><\/figure><\/li><\/ul>\n\n\n\n<h4 class=\"wp-block-heading\">La statue du Christ Roi<\/h4>\n\n\n\n<p>Visible depuis le centre-ville, on aper\u00e7oit la statue du Christ, qui tr\u00f4ne au sommet de la rive sud du tage. Apr\u00e8s avoir vu celle de Rio au Br\u00e9sil, le gouvernement portugais a voulu avoir la m\u00eame. Le projet a conquis tout le monde, et le projet a \u00e9t\u00e9 lanc\u00e9. La statue avec son socle mesure plus de 100 m\u00e8tres, et le tout est pos\u00e9 sur une falaise de plus de 130 m\u00e8tres, imaginez la hauteur! Cet espace tr\u00e8s haut perch\u00e9 permet d&#8217;avoir une vue incroyable (la meilleure selon moi) de tout Lisbonne ainsi qu&#8217;une belle vue du pont du 25 avril qui ressemble beaucoup \u00e0 celui de San Fransisco.<\/p>\n\n\n\n<p><br><\/p>\n\n\n\n<figure class=\"wp-block-image\"><img loading=\"lazy\" decoding=\"async\" width=\"1024\" height=\"674\" src=\"http:\/\/carpejenn.com\/wp-content\/uploads\/2019\/06\/IMG_8022-1024x674.jpg\" alt=\"\" class=\"wp-image-295\" srcset=\"https:\/\/carpejenn.com\/wp-content\/uploads\/2019\/06\/IMG_8022-1024x674.jpg 1024w, https:\/\/carpejenn.com\/wp-content\/uploads\/2019\/06\/IMG_8022-300x197.jpg 300w, https:\/\/carpejenn.com\/wp-content\/uploads\/2019\/06\/IMG_8022-768x505.jpg 768w, https:\/\/carpejenn.com\/wp-content\/uploads\/2019\/06\/IMG_8022.jpg 1242w\" sizes=\"(max-width: 1024px) 100vw, 1024px\" \/><\/figure>\n\n\n\n<ul class=\"wp-block-gallery columns-2 is-cropped wp-block-gallery-6 is-layout-flex wp-block-gallery-is-layout-flex\"><li class=\"blocks-gallery-item\"><figure><img loading=\"lazy\" decoding=\"async\" width=\"815\" height=\"1024\" src=\"http:\/\/carpejenn.com\/wp-content\/uploads\/2019\/06\/IMG_8025-815x1024.jpg\" alt=\"\" data-id=\"297\" data-link=\"http:\/\/carpejenn.com\/?attachment_id=297\" class=\"wp-image-297\" srcset=\"https:\/\/carpejenn.com\/wp-content\/uploads\/2019\/06\/IMG_8025-815x1024.jpg 815w, https:\/\/carpejenn.com\/wp-content\/uploads\/2019\/06\/IMG_8025-239x300.jpg 239w, https:\/\/carpejenn.com\/wp-content\/uploads\/2019\/06\/IMG_8025-768x965.jpg 768w, https:\/\/carpejenn.com\/wp-content\/uploads\/2019\/06\/IMG_8025.jpg 984w\" sizes=\"(max-width: 815px) 100vw, 815px\" \/><\/figure><\/li><li class=\"blocks-gallery-item\"><figure><img loading=\"lazy\" decoding=\"async\" width=\"1024\" height=\"576\" src=\"http:\/\/carpejenn.com\/wp-content\/uploads\/2019\/06\/9A2C7458-809B-4B51-A68E-3F79EC7A5EE3-1024x576.jpg\" alt=\"\" data-id=\"298\" data-link=\"http:\/\/carpejenn.com\/?attachment_id=298\" class=\"wp-image-298\" srcset=\"https:\/\/carpejenn.com\/wp-content\/uploads\/2019\/06\/9A2C7458-809B-4B51-A68E-3F79EC7A5EE3-1024x576.jpg 1024w, https:\/\/carpejenn.com\/wp-content\/uploads\/2019\/06\/9A2C7458-809B-4B51-A68E-3F79EC7A5EE3-300x169.jpg 300w, https:\/\/carpejenn.com\/wp-content\/uploads\/2019\/06\/9A2C7458-809B-4B51-A68E-3F79EC7A5EE3-768x432.jpg 768w\" sizes=\"(max-width: 1024px) 100vw, 1024px\" \/><\/figure><\/li><\/ul>\n\n\n\n<h2 class=\"wp-block-heading\">3. Les plages<\/h2>\n\n\n\n<p>Il est possible de se baigner \u00e0 Lisbonne si on est assez courageux pour d\u00e9fier les temp\u00e9ratures glaciales de l&#8217;atlantique!<\/p>\n\n\n\n<p><em><strong>CASCAIS:<\/strong><\/em> situ\u00e9 \u00e0 environ 30 min du centre de Lisbonne, Cascais est une station baln\u00e9aire&#8230; horrible! Peut-\u00eatre avons-nous mal choisi notre jour (ou notre plage), on y all\u00e9 un samedi 14h par 30\u00b0C. Si il y a bien un truc que je d\u00e9teste en vacances \u00e0 la mer, c&#8217;est devoir me battre pour trouver un petit m\u00e8tre carr\u00e9 ou poser ma serviette et mes affaires de plage. La plage sur laquelle on \u00e9tait \u00e9tait minuscule et surpeupl\u00e9e. On est rest\u00e9s 10 minutes et on est rentr\u00e9s. Je suppose qu&#8217;il existe d&#8217;autres plages sympas \u00e0 Cascais, on a choisi la mauvaise!<br><\/p>\n\n\n\n<ul class=\"wp-block-gallery columns-1 is-cropped wp-block-gallery-7 is-layout-flex wp-block-gallery-is-layout-flex\"><li class=\"blocks-gallery-item\"><figure><img loading=\"lazy\" decoding=\"async\" width=\"1024\" height=\"576\" src=\"http:\/\/carpejenn.com\/wp-content\/uploads\/2019\/06\/59245EBE-9D41-463B-85C2-EFAD0CF5C0BA-1024x576.jpg\" alt=\"\" data-id=\"300\" data-link=\"http:\/\/carpejenn.com\/?attachment_id=300\" class=\"wp-image-300\" srcset=\"https:\/\/carpejenn.com\/wp-content\/uploads\/2019\/06\/59245EBE-9D41-463B-85C2-EFAD0CF5C0BA-1024x576.jpg 1024w, https:\/\/carpejenn.com\/wp-content\/uploads\/2019\/06\/59245EBE-9D41-463B-85C2-EFAD0CF5C0BA-300x169.jpg 300w, https:\/\/carpejenn.com\/wp-content\/uploads\/2019\/06\/59245EBE-9D41-463B-85C2-EFAD0CF5C0BA-768x432.jpg 768w\" sizes=\"(max-width: 1024px) 100vw, 1024px\" \/><\/figure><\/li><\/ul>\n\n\n\n<p><strong><em>CAIXAS:<\/em><\/strong> \u00e0 15 min du centre de Lisbonne, nous avons trouv\u00e9 ce petit bout de paradis! Nous y sommes all\u00e9s mardi \u00e0 17h (on a retenu la le\u00e7on de Cascais) et l&#8217;endroit \u00e9tait d\u00e9sert! J&#8217;\u00e9tais vraiment heureuse de finir notre s\u00e9jour (on est repartis le lendemain matin) sur cette belle note. Certes je ne me suis pas baign\u00e9e car l&#8217;eau \u00e9tait vraiement trop glac\u00e9e pour moi) mais j&#8217;ai pu profiter d&#8217;un me-time de d\u00e9tente (musique, lecture, m\u00e9ditation) dans un bel espace pour moi toute seule!<br><\/p>\n\n\n\n<ul class=\"wp-block-gallery columns-2 is-cropped wp-block-gallery-8 is-layout-flex wp-block-gallery-is-layout-flex\"><li class=\"blocks-gallery-item\"><figure><img loading=\"lazy\" decoding=\"async\" width=\"1024\" height=\"848\" src=\"http:\/\/carpejenn.com\/wp-content\/uploads\/2019\/06\/IMG_8356-1024x848.jpg\" alt=\"\" data-id=\"301\" data-link=\"http:\/\/carpejenn.com\/?attachment_id=301\" class=\"wp-image-301\" srcset=\"https:\/\/carpejenn.com\/wp-content\/uploads\/2019\/06\/IMG_8356-1024x848.jpg 1024w, https:\/\/carpejenn.com\/wp-content\/uploads\/2019\/06\/IMG_8356-300x248.jpg 300w, https:\/\/carpejenn.com\/wp-content\/uploads\/2019\/06\/IMG_8356-768x636.jpg 768w, https:\/\/carpejenn.com\/wp-content\/uploads\/2019\/06\/IMG_8356.jpg 1242w\" sizes=\"(max-width: 1024px) 100vw, 1024px\" \/><\/figure><\/li><li class=\"blocks-gallery-item\"><figure><img loading=\"lazy\" decoding=\"async\" width=\"821\" height=\"1024\" src=\"http:\/\/carpejenn.com\/wp-content\/uploads\/2019\/06\/IMG_8358-821x1024.jpg\" alt=\"\" data-id=\"302\" data-link=\"http:\/\/carpejenn.com\/?attachment_id=302\" class=\"wp-image-302\" srcset=\"https:\/\/carpejenn.com\/wp-content\/uploads\/2019\/06\/IMG_8358-821x1024.jpg 821w, https:\/\/carpejenn.com\/wp-content\/uploads\/2019\/06\/IMG_8358-241x300.jpg 241w, https:\/\/carpejenn.com\/wp-content\/uploads\/2019\/06\/IMG_8358-768x958.jpg 768w, https:\/\/carpejenn.com\/wp-content\/uploads\/2019\/06\/IMG_8358.jpg 984w\" sizes=\"(max-width: 821px) 100vw, 821px\" \/><\/figure><\/li><\/ul>\n\n\n\n<figure class=\"wp-block-image\"><img loading=\"lazy\" decoding=\"async\" width=\"1024\" height=\"571\" src=\"http:\/\/carpejenn.com\/wp-content\/uploads\/2019\/06\/IMG_8364-1024x571.jpg\" alt=\"\" class=\"wp-image-303\" srcset=\"https:\/\/carpejenn.com\/wp-content\/uploads\/2019\/06\/IMG_8364-1024x571.jpg 1024w, https:\/\/carpejenn.com\/wp-content\/uploads\/2019\/06\/IMG_8364-300x167.jpg 300w, https:\/\/carpejenn.com\/wp-content\/uploads\/2019\/06\/IMG_8364-768x428.jpg 768w, https:\/\/carpejenn.com\/wp-content\/uploads\/2019\/06\/IMG_8364.jpg 1242w\" sizes=\"(max-width: 1024px) 100vw, 1024px\" \/><\/figure>\n\n\n\n<p><em><strong>COSTA DE CAPARICA<\/strong><\/em>: sur la rive sud du tage, il y a une plage qui \u00e0 l&#8217;air pas mal du tout \u00e9galement (nous ne l&#8217;avons pas faite), elle s&#8217;appelle Costa de Caparica. Si tu la fais, n&#8217;h\u00e9site pas \u00e0 me faire un retour ensuite!<br><\/p>\n\n\n\n<h2 class=\"wp-block-heading\">Les adresses miam-miam<\/h2>\n\n\n\n<p>Je suis une amoureuse des fruits de mer, et \u00e0 l&#8217;exception d&#8217;une fois ou j&#8217;ai mang\u00e9 du poulet, je n&#8217;ai mang\u00e9 que \u00e7a de tout le s\u00e9jour!<br><\/p>\n\n\n\n<ul class=\"wp-block-list\"><li><strong>TIME OUT MARKET<\/strong>: cet endroit est top car il rassemble plus d&#8217;une vingtaines d&#8217;enseignes alimentaires locales au m\u00eame endroit. Que tu sois plut\u00f4t viande, poulet, fruits de mer, bouillons, grillades, ap\u00e9ro&#8230; VAS-Y! tu ne regretteras pas. De plus, si tu es amateur d&#8217;alcool, il y a \u00e9galement plusieurs stands d\u00e9di\u00e9s. Cet endroit met tout le monde d&#8217;accord, on mange tous \u00e0 la m\u00eame table avec des styles culinaires diff\u00e9rents.<\/li><li><strong>CASA DA INDIA<\/strong>: sur les conseils d&#8217;une amie, j&#8217;y suis all\u00e9e et je ne regrette pas! C&#8217;est un restaurant local sp\u00e9cialis\u00e9 dans les grillades (poulet et fruits de mer) tr\u00e8s bons. J&#8217;y ai mang\u00e9 les meilleures sardines grill\u00e9es de ma vie!<\/li><li><strong>BATATA DOCE<\/strong>: petit restaurant d&#8217;\u00e0 peine quelques tables, un menu  limit\u00e9 (ce qui est bon signe, les produits sont frais). Ce qui m&#8217;a fortement intrigu\u00e9e sur la carte de ce restaurant, c&#8217;est qu&#8217;il proposait une revisite de la &#8220;mouambe&#8221; ce plat qu&#8217;on retrouve au Congo. J&#8217;ai ensuite appris que la Chef \u00e9tait d&#8217;origine angolaise et que chez elle aussi la mouambe existait! La nourriture \u00e9tait excellente, de l&#8217;entr\u00e9e au dessert et le serveur tr\u00e8s sympa et \u00e0 l&#8217;\u00e9coute, il prenait le temps de discuter avec chaque tabl\u00e9e, l&#8217;ambiance \u00e9tait vraiment tr\u00e8s conviviable.<\/li><li><strong>NOOBAI:<\/strong> situ\u00e9 juste \u00e0 cot\u00e9 du miradouro Santa Catarina, il offre une vie magnifique sur Lisbonne et le tage. La carte est sympa, et la nourriture tr\u00e8s bonne, les jus de fruits pr\u00e9ss\u00e9s minute. C&#8217;\u00e9tait notre premier repas sur place, NOOBAI a donn\u00e9 le ton!<\/li><li><strong>LEZIRIA CASA DE PETISCOS<\/strong>: d\u00e9couvert un peu par hasard, il est \u00e0 20 m\u00e8tres de BATATA DOCE, nous y avons retrouv\u00e9 la m\u00eame ambiance intime. La sp\u00e9cialit\u00e9 de ce restaurant c&#8217;est qu&#8217;ils servent des petites portions de beaucoup choses. Notre table \u00e9tait bien garnie et leur sangria \u00e9tait tr\u00e8s bonne! Nous y sommes all\u00e9s pour notre derni\u00e8re soir\u00e9e, et c&#8217;\u00e9tait vraiment super de finir sur une note aussi positive<\/li><li><strong>TOPO ROOFTOP<\/strong>: Fais-le! situ\u00e9 au sommet d&#8217;un centre commercial, ce restaurant\/bar offre de passer un agr\u00e9able moment avec vue sur la ville et le chateau Sao Jorge, je te conseille d&#8217;y aller au coucher de soleil, la lumi\u00e8re est vraiment magnifique. Les cocktails sont vraiment tr\u00e8s bons (<em>essaie le summer of 69!<\/em>). Il est possible de manger sur place mais il faut s&#8217;y prendre en avance (ce qu&#8217;on n&#8217;a pas fait) car le lieu est vraiment pris\u00e9. <\/li><\/ul>\n\n\n\n<figure class=\"wp-block-image\"><img loading=\"lazy\" decoding=\"async\" width=\"812\" height=\"1024\" src=\"http:\/\/carpejenn.com\/wp-content\/uploads\/2019\/06\/IMG_7697-812x1024.jpg\" alt=\"\" class=\"wp-image-309\" srcset=\"https:\/\/carpejenn.com\/wp-content\/uploads\/2019\/06\/IMG_7697-812x1024.jpg 812w, https:\/\/carpejenn.com\/wp-content\/uploads\/2019\/06\/IMG_7697-238x300.jpg 238w, https:\/\/carpejenn.com\/wp-content\/uploads\/2019\/06\/IMG_7697-768x968.jpg 768w, https:\/\/carpejenn.com\/wp-content\/uploads\/2019\/06\/IMG_7697.jpg 981w\" sizes=\"(max-width: 812px) 100vw, 812px\" \/><figcaption>CASA DA INDIA<\/figcaption><\/figure>\n\n\n\n<ul class=\"wp-block-gallery columns-3 is-cropped wp-block-gallery-9 is-layout-flex wp-block-gallery-is-layout-flex\"><li class=\"blocks-gallery-item\"><figure><img loading=\"lazy\" decoding=\"async\" width=\"1024\" height=\"576\" src=\"http:\/\/carpejenn.com\/wp-content\/uploads\/2019\/06\/A6C87771-BDFF-4706-A8C9-F0EB2FF1B315-1024x576.jpg\" alt=\"\" data-id=\"304\" data-link=\"http:\/\/carpejenn.com\/?attachment_id=304\" class=\"wp-image-304\" srcset=\"https:\/\/carpejenn.com\/wp-content\/uploads\/2019\/06\/A6C87771-BDFF-4706-A8C9-F0EB2FF1B315-1024x576.jpg 1024w, https:\/\/carpejenn.com\/wp-content\/uploads\/2019\/06\/A6C87771-BDFF-4706-A8C9-F0EB2FF1B315-300x169.jpg 300w, https:\/\/carpejenn.com\/wp-content\/uploads\/2019\/06\/A6C87771-BDFF-4706-A8C9-F0EB2FF1B315-768x432.jpg 768w\" sizes=\"(max-width: 1024px) 100vw, 1024px\" \/><figcaption>TOPO ROOFTOP<\/figcaption><\/figure><\/li><li class=\"blocks-gallery-item\"><figure><img loading=\"lazy\" decoding=\"async\" width=\"1024\" height=\"663\" src=\"http:\/\/carpejenn.com\/wp-content\/uploads\/2019\/06\/BA9548B1-D590-4D79-B5BD-6523C7CD0D9F-1024x663.jpg\" alt=\"\" data-id=\"305\" data-link=\"http:\/\/carpejenn.com\/?attachment_id=305\" class=\"wp-image-305\" srcset=\"https:\/\/carpejenn.com\/wp-content\/uploads\/2019\/06\/BA9548B1-D590-4D79-B5BD-6523C7CD0D9F-1024x663.jpg 1024w, https:\/\/carpejenn.com\/wp-content\/uploads\/2019\/06\/BA9548B1-D590-4D79-B5BD-6523C7CD0D9F-300x194.jpg 300w, https:\/\/carpejenn.com\/wp-content\/uploads\/2019\/06\/BA9548B1-D590-4D79-B5BD-6523C7CD0D9F-768x497.jpg 768w\" sizes=\"(max-width: 1024px) 100vw, 1024px\" \/><figcaption>LEZIRIA<\/figcaption><\/figure><\/li><li class=\"blocks-gallery-item\"><figure><img loading=\"lazy\" decoding=\"async\" width=\"576\" height=\"1024\" src=\"http:\/\/carpejenn.com\/wp-content\/uploads\/2019\/06\/C5594690-E5B0-4EF8-A520-08CFAE1AFD82-576x1024.jpg\" alt=\"\" data-id=\"306\" data-link=\"http:\/\/carpejenn.com\/?attachment_id=306\" class=\"wp-image-306\" srcset=\"https:\/\/carpejenn.com\/wp-content\/uploads\/2019\/06\/C5594690-E5B0-4EF8-A520-08CFAE1AFD82-576x1024.jpg 576w, https:\/\/carpejenn.com\/wp-content\/uploads\/2019\/06\/C5594690-E5B0-4EF8-A520-08CFAE1AFD82-169x300.jpg 169w, https:\/\/carpejenn.com\/wp-content\/uploads\/2019\/06\/C5594690-E5B0-4EF8-A520-08CFAE1AFD82-768x1365.jpg 768w\" sizes=\"(max-width: 576px) 100vw, 576px\" \/><figcaption>TOPO ROOFTOP<\/figcaption><\/figure><\/li><li class=\"blocks-gallery-item\"><figure><img loading=\"lazy\" decoding=\"async\" width=\"1024\" height=\"576\" src=\"http:\/\/carpejenn.com\/wp-content\/uploads\/2019\/06\/CA9701FD-D06E-43B6-A571-2482D7F64155-1024x576.jpg\" alt=\"\" data-id=\"307\" data-link=\"http:\/\/carpejenn.com\/?attachment_id=307\" class=\"wp-image-307\" srcset=\"https:\/\/carpejenn.com\/wp-content\/uploads\/2019\/06\/CA9701FD-D06E-43B6-A571-2482D7F64155-1024x576.jpg 1024w, https:\/\/carpejenn.com\/wp-content\/uploads\/2019\/06\/CA9701FD-D06E-43B6-A571-2482D7F64155-300x169.jpg 300w, https:\/\/carpejenn.com\/wp-content\/uploads\/2019\/06\/CA9701FD-D06E-43B6-A571-2482D7F64155-768x432.jpg 768w, https:\/\/carpejenn.com\/wp-content\/uploads\/2019\/06\/CA9701FD-D06E-43B6-A571-2482D7F64155.jpg 1600w\" sizes=\"(max-width: 1024px) 100vw, 1024px\" \/><figcaption>TIMEOUT MARKET<\/figcaption><\/figure><\/li><li class=\"blocks-gallery-item\"><figure><img loading=\"lazy\" decoding=\"async\" width=\"1024\" height=\"576\" src=\"http:\/\/carpejenn.com\/wp-content\/uploads\/2019\/06\/DBBA0BB1-C621-49F9-B3EA-5FD46F7BE346-1024x576.jpg\" alt=\"\" data-id=\"308\" data-link=\"http:\/\/carpejenn.com\/?attachment_id=308\" class=\"wp-image-308\" srcset=\"https:\/\/carpejenn.com\/wp-content\/uploads\/2019\/06\/DBBA0BB1-C621-49F9-B3EA-5FD46F7BE346-1024x576.jpg 1024w, https:\/\/carpejenn.com\/wp-content\/uploads\/2019\/06\/DBBA0BB1-C621-49F9-B3EA-5FD46F7BE346-300x169.jpg 300w, https:\/\/carpejenn.com\/wp-content\/uploads\/2019\/06\/DBBA0BB1-C621-49F9-B3EA-5FD46F7BE346-768x432.jpg 768w, https:\/\/carpejenn.com\/wp-content\/uploads\/2019\/06\/DBBA0BB1-C621-49F9-B3EA-5FD46F7BE346.jpg 1600w\" sizes=\"(max-width: 1024px) 100vw, 1024px\" \/><figcaption>TIMEOUT MARKET<\/figcaption><\/figure><\/li><\/ul>\n\n\n\n<h3 class=\"wp-block-heading\"><strong>LE VLOG:<\/strong><\/h3>\n\n\n\n<figure class=\"wp-block-embed-youtube aligncenter wp-block-embed is-type-video is-provider-youtube wp-embed-aspect-16-9 wp-has-aspect-ratio\"><div class=\"wp-block-embed__wrapper\">\nhttps:\/\/www.youtube.com\/watch?v=-J3TWtxTFSw&#038;t=14s\n<\/div><\/figure>\n","protected":false},"excerpt":{"rendered":"<p>J&#8217;ai toujours voulu aller \u00e0 Lisbonne, mais cela n&#8217;a jamais \u00e9t\u00e9 une priorit\u00e9 dans mes voyages. Cette ann\u00e9e, cette ville est tomb\u00e9e dans mon calendrier de vacances un peu par hasard, et j&#8217;\u00e9tais contente d&#8217;y aller mais sans plus&#8230; Une fois le s\u00e9jour commenc\u00e9, je me suis rendue compte que cette ville est vraiment magnifique! [&hellip;]<\/p>\n","protected":false},"author":2,"featured_media":313,"comment_status":"open","ping_status":"open","sticky":false,"template":"","format":"standard","meta":{"om_disable_all_campaigns":false,"_exactmetrics_skip_tracking":false,"_exactmetrics_sitenote_active":false,"_exactmetrics_sitenote_note":"","_exactmetrics_sitenote_category":0,"footnotes":""},"categories":[57,58,4],"tags":[10],"class_list":["post-270","post","type-post","status-publish","format-standard","has-post-thumbnail","hentry","category-europe","category-tous-les-voyages","category-voyages","tag-voyage"],"aioseo_notices":[],"_links":{"self":[{"href":"https:\/\/carpejenn.com\/index.php\/wp-json\/wp\/v2\/posts\/270"}],"collection":[{"href":"https:\/\/carpejenn.com\/index.php\/wp-json\/wp\/v2\/posts"}],"about":[{"href":"https:\/\/carpejenn.com\/index.php\/wp-json\/wp\/v2\/types\/post"}],"author":[{"embeddable":true,"href":"https:\/\/carpejenn.com\/index.php\/wp-json\/wp\/v2\/users\/2"}],"replies":[{"embeddable":true,"href":"https:\/\/carpejenn.com\/index.php\/wp-json\/wp\/v2\/comments?post=270"}],"version-history":[{"count":5,"href":"https:\/\/carpejenn.com\/index.php\/wp-json\/wp\/v2\/posts\/270\/revisions"}],"predecessor-version":[{"id":602,"href":"https:\/\/carpejenn.com\/index.php\/wp-json\/wp\/v2\/posts\/270\/revisions\/602"}],"wp:featuredmedia":[{"embeddable":true,"href":"https:\/\/carpejenn.com\/index.php\/wp-json\/wp\/v2\/media\/313"}],"wp:attachment":[{"href":"https:\/\/carpejenn.com\/index.php\/wp-json\/wp\/v2\/media?parent=270"}],"wp:term":[{"taxonomy":"category","embeddable":true,"href":"https:\/\/carpejenn.com\/index.php\/wp-json\/wp\/v2\/categories?post=270"},{"taxonomy":"post_tag","embeddable":true,"href":"https:\/\/carpejenn.com\/index.php\/wp-json\/wp\/v2\/tags?post=270"}],"curies":[{"name":"wp","href":"https:\/\/api.w.org\/{rel}","templated":true}]}}