{"id":5004,"date":"2023-06-02T17:29:31","date_gmt":"2023-06-02T15:29:31","guid":{"rendered":"https:\/\/carpejenn.com\/?p=5004"},"modified":"2023-06-02T18:31:49","modified_gmt":"2023-06-02T16:31:49","slug":"a-la-decouverte-de-braga-le-temps-dun-mariage","status":"publish","type":"post","link":"https:\/\/carpejenn.com\/index.php\/voyages\/a-la-decouverte-de-braga-le-temps-dun-mariage\/","title":{"rendered":"A la d\u00e9couverte de Braga, le temps d&#8217;un mariage"},"content":{"rendered":"\n<p>Premi\u00e8re fois de ma vie que je vais \u00e0 un mariage \u00e0 l&#8217;\u00e9tranger (en dehors du Congo) &#x1f60d;, et ah la la quelle exp\u00e9rience, d&#8217;autant plus que c&#8217;\u00e9tait le mariage d&#8217;une cousine avec qui je suis tr\u00e8s proche. Elle a d&#8217;ailleurs gentiment accept\u00e9 de parler de l&#8217;organisation de son mariage : comment elle a choisit le lieu, comment elle a g\u00e9r\u00e9 toute l&#8217;orga depuis la France, ses choix de d\u00e9co, etc&#8230; &#x1f447;&#x1f3ff;<\/p>\n\n\n\n<figure class=\"wp-block-embed is-type-video is-provider-youtube wp-block-embed-youtube wp-embed-aspect-16-9 wp-has-aspect-ratio\"><div class=\"wp-block-embed__wrapper\">\n<iframe loading=\"lazy\" title=\"Mariage congolais au Portugal, Coco nous dit tout : prix, prestas, r\u00e9actions de la famille\" width=\"640\" height=\"360\" src=\"https:\/\/www.youtube.com\/embed\/2GMQ9yCnLjE?feature=oembed\" frameborder=\"0\" allow=\"accelerometer; autoplay; clipboard-write; encrypted-media; gyroscope; picture-in-picture; web-share\" referrerpolicy=\"strict-origin-when-cross-origin\" allowfullscreen><\/iframe>\n<\/div><\/figure>\n\n\n\n<p>C&#8217;\u00e9tait ma deuxi\u00e8me fois au Portugal, ma <a href=\"https:\/\/carpejenn.com\/index.php\/voyages\/5-jours-a-lisbonne\/\" target=\"_blank\" rel=\"noopener\" title=\"\">premi\u00e8re exp\u00e9rience<\/a> dans le pays date de 2019 (le temps passe trop vite). On a profit\u00e9 de l&#8217;occasion pour visiter le centre historique de Braga (ville la plus proche du lieu du mariage). Nous n&#8217;avons pas pu voir la ville dans son enti\u00e8ret\u00e9 question de temps, mais le centre historique nous a r\u00e9gal\u00e9s ! <\/p>\n\n\n\n<h2 class=\"wp-block-heading\">Braga, la plus ancienne ville du Portugal&nbsp;<\/h2>\n\n\n\n<p>Moi non plus j&#8217;\u00e9tais incapable de placer Braga sur une carte avant ce voyage (je sais que toi aussi, mytho pas). La ville st situ\u00e9e \u00e0 une petite heure au nord de Porto, o\u00f9 se trouve l&#8217;a\u00e9roport le plus proche d&#8217;ailleurs. L&#8217;architecture de la ville est rest\u00e9e dans son histoire : de beaux b\u00e2timents en pierre, de nombreuses rues pi\u00e9tonnes qui s&#8217;entrelacent, de grandes places publiques o\u00f9 se poser.<\/p>\n\n\n\n<figure class=\"wp-block-gallery has-nested-images columns-default is-cropped wp-block-gallery-1 is-layout-flex wp-block-gallery-is-layout-flex\">\n<figure class=\"wp-block-image size-large\"><img loading=\"lazy\" decoding=\"async\" width=\"686\" height=\"1024\" data-id=\"5010\" src=\"https:\/\/carpejenn.com\/wp-content\/uploads\/2023\/06\/carpejenn.com-braga-686x1024.png\" alt=\"\" class=\"wp-image-5010\" srcset=\"https:\/\/carpejenn.com\/wp-content\/uploads\/2023\/06\/carpejenn.com-braga-686x1024.png 686w, https:\/\/carpejenn.com\/wp-content\/uploads\/2023\/06\/carpejenn.com-braga-201x300.png 201w, https:\/\/carpejenn.com\/wp-content\/uploads\/2023\/06\/carpejenn.com-braga-768x1146.png 768w, https:\/\/carpejenn.com\/wp-content\/uploads\/2023\/06\/carpejenn.com-braga.png 1008w\" sizes=\"(max-width: 686px) 100vw, 686px\" \/><\/figure>\n\n\n\n<figure class=\"wp-block-image size-large\"><img loading=\"lazy\" decoding=\"async\" width=\"679\" height=\"1024\" data-id=\"5009\" src=\"https:\/\/carpejenn.com\/wp-content\/uploads\/2023\/06\/carpejenn.com-braga3-679x1024.png\" alt=\"\" class=\"wp-image-5009\" srcset=\"https:\/\/carpejenn.com\/wp-content\/uploads\/2023\/06\/carpejenn.com-braga3-679x1024.png 679w, https:\/\/carpejenn.com\/wp-content\/uploads\/2023\/06\/carpejenn.com-braga3-199x300.png 199w, https:\/\/carpejenn.com\/wp-content\/uploads\/2023\/06\/carpejenn.com-braga3-768x1159.png 768w, https:\/\/carpejenn.com\/wp-content\/uploads\/2023\/06\/carpejenn.com-braga3.png 1002w\" sizes=\"(max-width: 679px) 100vw, 679px\" \/><\/figure>\n\n\n\n<figure class=\"wp-block-image size-large\"><img loading=\"lazy\" decoding=\"async\" width=\"678\" height=\"1024\" data-id=\"5008\" src=\"https:\/\/carpejenn.com\/wp-content\/uploads\/2023\/06\/carpejenn.com-braga4-678x1024.png\" alt=\"\" class=\"wp-image-5008\" srcset=\"https:\/\/carpejenn.com\/wp-content\/uploads\/2023\/06\/carpejenn.com-braga4-678x1024.png 678w, https:\/\/carpejenn.com\/wp-content\/uploads\/2023\/06\/carpejenn.com-braga4-199x300.png 199w, https:\/\/carpejenn.com\/wp-content\/uploads\/2023\/06\/carpejenn.com-braga4-768x1160.png 768w, https:\/\/carpejenn.com\/wp-content\/uploads\/2023\/06\/carpejenn.com-braga4.png 992w\" sizes=\"(max-width: 678px) 100vw, 678px\" \/><\/figure>\n<\/figure>\n\n\n\n<h2 class=\"wp-block-heading\">Notre logement, au coeur du centre historique<\/h2>\n\n\n\n<figure class=\"wp-block-image size-large\"><img loading=\"lazy\" decoding=\"async\" width=\"1024\" height=\"576\" src=\"https:\/\/carpejenn.com\/wp-content\/uploads\/2023\/06\/booking-1024x576.jpeg\" alt=\"\" class=\"wp-image-5041\" srcset=\"https:\/\/carpejenn.com\/wp-content\/uploads\/2023\/06\/booking-1024x576.jpeg 1024w, https:\/\/carpejenn.com\/wp-content\/uploads\/2023\/06\/booking-300x169.jpeg 300w, https:\/\/carpejenn.com\/wp-content\/uploads\/2023\/06\/booking-768x432.jpeg 768w, https:\/\/carpejenn.com\/wp-content\/uploads\/2023\/06\/booking.jpeg 1280w\" sizes=\"(max-width: 1024px) 100vw, 1024px\" \/><figcaption class=\"wp-element-caption\">Photo Booking.com<\/figcaption><\/figure>\n\n\n\n<p>Nous avons book\u00e9 un studio chez <a href=\"https:\/\/www.booking.com\/hotel\/pt\/braga-heritage-lofts.fr.html?aid=311089&amp;label=braga-heritage-lofts-kBS81bApYJ_pdjouUhVuSwS624599155594%3Apl%3Ata%3Ap1%3Ap2%3Aac%3Aap%3Aneg%3Afi%3Atikwd-495985012793%3Alp9111706%3Ali%3Adec%3Adm%3Appccp%3DUmFuZG9tSVYkc2RlIyh9YfNeh-lbHkPZZDrBVOcopBI&amp;sid=b7e3b101c99f2d6059802a64f3028447&amp;dest_id=-2160205;dest_type=city;dist=0;group_adults=2;group_children=0;hapos=1;hpos=1;no_rooms=1;req_adults=2;req_children=0;room1=A%2CA;sb_price_type=total;sr_order=popularity;srepoch=1685708836;srpvid=205457915fe30268;type=total;ucfs=1&amp;#hotelTmpl\" title=\"\">Braga Heritage Lofts<\/a>, et franchement top. Le studio est tr\u00e8s bien plac\u00e9, et bien \u00e9quip\u00e9, j&#8217;ai particuli\u00e8rement eu un coup de coeur pour la salle de bain en b\u00e9ton cir\u00e9 &#x1f60d;. Le staff est tr\u00e8s agr\u00e9able et toujours disponible. Sur le toit du b\u00e2timent, il y a une grande terrasse o\u00f9 se pr\u00e9lasser avec vue direct sur le <a href=\"https:\/\/webraga.pt\/visitar\/parques\/jardim-de-santa-barbara\/\" title=\"\">Jardin de Santa B\u00e1rbara<\/a>.<\/p>\n\n\n\n<h2 class=\"wp-block-heading\">Le centre-ville historique<\/h2>\n\n\n\n<p>Avant m\u00eame de parler des points d&#8217;int\u00e9r\u00eat, il faut que je te parle de l&#8217;architecture locale. Le centre-ville est rest\u00e9 ancr\u00e9 dans son histoire. Tout est en pierre (\u00e0 quelques rares exceptions pr\u00e8s), et les b\u00e2timents ne font pas plus de trois ou quatre \u00e9tages. Sur les fa\u00e7ades ext\u00e9rieures, on retrouve des balcons en fer forg\u00e9 et des <em>azulejos<\/em> (carrelage portugais) color\u00e9es, qui finissent d&#8217;habiller les murs. <\/p>\n\n\n\n<figure class=\"wp-block-gallery has-nested-images columns-default is-cropped wp-block-gallery-2 is-layout-flex wp-block-gallery-is-layout-flex\">\n<figure class=\"wp-block-image size-large\"><img loading=\"lazy\" decoding=\"async\" width=\"768\" height=\"1024\" data-id=\"5005\" src=\"https:\/\/carpejenn.com\/wp-content\/uploads\/2023\/06\/carpejenn-braga.com_-768x1024.jpeg\" alt=\"\" class=\"wp-image-5005\" srcset=\"https:\/\/carpejenn.com\/wp-content\/uploads\/2023\/06\/carpejenn-braga.com_-768x1024.jpeg 768w, https:\/\/carpejenn.com\/wp-content\/uploads\/2023\/06\/carpejenn-braga.com_-225x300.jpeg 225w, https:\/\/carpejenn.com\/wp-content\/uploads\/2023\/06\/carpejenn-braga.com_-1152x1536.jpeg 1152w, https:\/\/carpejenn.com\/wp-content\/uploads\/2023\/06\/carpejenn-braga.com_-1536x2048.jpeg 1536w, https:\/\/carpejenn.com\/wp-content\/uploads\/2023\/06\/carpejenn-braga.com_-scaled.jpeg 1920w\" sizes=\"(max-width: 768px) 100vw, 768px\" \/><\/figure>\n\n\n\n<figure class=\"wp-block-image size-large\"><img loading=\"lazy\" decoding=\"async\" width=\"768\" height=\"1024\" data-id=\"5006\" src=\"https:\/\/carpejenn.com\/wp-content\/uploads\/2023\/06\/carpejenn.com-braga-768x1024.jpeg\" alt=\"\" class=\"wp-image-5006\" srcset=\"https:\/\/carpejenn.com\/wp-content\/uploads\/2023\/06\/carpejenn.com-braga-768x1024.jpeg 768w, https:\/\/carpejenn.com\/wp-content\/uploads\/2023\/06\/carpejenn.com-braga-225x300.jpeg 225w, https:\/\/carpejenn.com\/wp-content\/uploads\/2023\/06\/carpejenn.com-braga-1152x1536.jpeg 1152w, https:\/\/carpejenn.com\/wp-content\/uploads\/2023\/06\/carpejenn.com-braga-1536x2048.jpeg 1536w, https:\/\/carpejenn.com\/wp-content\/uploads\/2023\/06\/carpejenn.com-braga-scaled.jpeg 1920w\" sizes=\"(max-width: 768px) 100vw, 768px\" \/><\/figure>\n<\/figure>\n\n\n\n<h3 class=\"wp-block-heading\"> Le Jardin de Santa B\u00e1rbara<\/h3>\n\n\n\n<p>En choisissant notre h\u00f4tel, on n&#8217;a m\u00eame pas fait gaffe que juste en face, il y avait ce magnifique jardin public, et qui plus est, \u00e9tait en pleine floraison au moment de notre s\u00e9jour. Si tu es amoureux des couleurs ou de la nature, c&#8217;est endroit est un passage oblig\u00e9. <\/p>\n\n\n\n<figure class=\"wp-block-gallery has-nested-images columns-default is-cropped wp-block-gallery-3 is-layout-flex wp-block-gallery-is-layout-flex\">\n<figure class=\"wp-block-image size-large\"><img loading=\"lazy\" decoding=\"async\" width=\"683\" height=\"1024\" data-id=\"5012\" src=\"https:\/\/carpejenn.com\/wp-content\/uploads\/2023\/06\/Capture-decran-2023-06-02-a-15.02.22-683x1024.png\" alt=\"\" class=\"wp-image-5012\" srcset=\"https:\/\/carpejenn.com\/wp-content\/uploads\/2023\/06\/Capture-decran-2023-06-02-a-15.02.22-683x1024.png 683w, https:\/\/carpejenn.com\/wp-content\/uploads\/2023\/06\/Capture-decran-2023-06-02-a-15.02.22-200x300.png 200w, https:\/\/carpejenn.com\/wp-content\/uploads\/2023\/06\/Capture-decran-2023-06-02-a-15.02.22-768x1151.png 768w, https:\/\/carpejenn.com\/wp-content\/uploads\/2023\/06\/Capture-decran-2023-06-02-a-15.02.22.png 1006w\" sizes=\"(max-width: 683px) 100vw, 683px\" \/><\/figure>\n\n\n\n<figure class=\"wp-block-image size-large\"><img loading=\"lazy\" decoding=\"async\" width=\"680\" height=\"1024\" data-id=\"5013\" src=\"https:\/\/carpejenn.com\/wp-content\/uploads\/2023\/06\/Capture-decran-2023-06-02-a-15.02.08-680x1024.png\" alt=\"\" class=\"wp-image-5013\" srcset=\"https:\/\/carpejenn.com\/wp-content\/uploads\/2023\/06\/Capture-decran-2023-06-02-a-15.02.08-680x1024.png 680w, https:\/\/carpejenn.com\/wp-content\/uploads\/2023\/06\/Capture-decran-2023-06-02-a-15.02.08-199x300.png 199w, https:\/\/carpejenn.com\/wp-content\/uploads\/2023\/06\/Capture-decran-2023-06-02-a-15.02.08-768x1157.png 768w, https:\/\/carpejenn.com\/wp-content\/uploads\/2023\/06\/Capture-decran-2023-06-02-a-15.02.08.png 1006w\" sizes=\"(max-width: 680px) 100vw, 680px\" \/><\/figure>\n\n\n\n<figure class=\"wp-block-image size-large\"><img loading=\"lazy\" decoding=\"async\" width=\"684\" height=\"1024\" data-id=\"5011\" src=\"https:\/\/carpejenn.com\/wp-content\/uploads\/2023\/06\/Capture-decran-2023-06-02-a-15.01.58-684x1024.png\" alt=\"\" class=\"wp-image-5011\" srcset=\"https:\/\/carpejenn.com\/wp-content\/uploads\/2023\/06\/Capture-decran-2023-06-02-a-15.01.58-684x1024.png 684w, https:\/\/carpejenn.com\/wp-content\/uploads\/2023\/06\/Capture-decran-2023-06-02-a-15.01.58-200x300.png 200w, https:\/\/carpejenn.com\/wp-content\/uploads\/2023\/06\/Capture-decran-2023-06-02-a-15.01.58-768x1150.png 768w, https:\/\/carpejenn.com\/wp-content\/uploads\/2023\/06\/Capture-decran-2023-06-02-a-15.01.58.png 1006w\" sizes=\"(max-width: 684px) 100vw, 684px\" \/><\/figure>\n\n\n\n<figure class=\"wp-block-image size-large\"><img loading=\"lazy\" decoding=\"async\" width=\"681\" height=\"1024\" data-id=\"5014\" src=\"https:\/\/carpejenn.com\/wp-content\/uploads\/2023\/06\/Capture-decran-2023-06-02-a-15.01.48-681x1024.png\" alt=\"\" class=\"wp-image-5014\" srcset=\"https:\/\/carpejenn.com\/wp-content\/uploads\/2023\/06\/Capture-decran-2023-06-02-a-15.01.48-681x1024.png 681w, https:\/\/carpejenn.com\/wp-content\/uploads\/2023\/06\/Capture-decran-2023-06-02-a-15.01.48-199x300.png 199w, https:\/\/carpejenn.com\/wp-content\/uploads\/2023\/06\/Capture-decran-2023-06-02-a-15.01.48-768x1155.png 768w, https:\/\/carpejenn.com\/wp-content\/uploads\/2023\/06\/Capture-decran-2023-06-02-a-15.01.48.png 1004w\" sizes=\"(max-width: 681px) 100vw, 681px\" \/><\/figure>\n\n\n\n<figure class=\"wp-block-image size-large\"><img loading=\"lazy\" decoding=\"async\" width=\"681\" height=\"1024\" data-id=\"5015\" src=\"https:\/\/carpejenn.com\/wp-content\/uploads\/2023\/06\/Capture-decran-2023-06-02-a-15.01.40-681x1024.png\" alt=\"\" class=\"wp-image-5015\" srcset=\"https:\/\/carpejenn.com\/wp-content\/uploads\/2023\/06\/Capture-decran-2023-06-02-a-15.01.40-681x1024.png 681w, https:\/\/carpejenn.com\/wp-content\/uploads\/2023\/06\/Capture-decran-2023-06-02-a-15.01.40-200x300.png 200w, https:\/\/carpejenn.com\/wp-content\/uploads\/2023\/06\/Capture-decran-2023-06-02-a-15.01.40-768x1154.png 768w, https:\/\/carpejenn.com\/wp-content\/uploads\/2023\/06\/Capture-decran-2023-06-02-a-15.01.40.png 1010w\" sizes=\"(max-width: 681px) 100vw, 681px\" \/><\/figure>\n\n\n\n<figure class=\"wp-block-image size-large\"><img loading=\"lazy\" decoding=\"async\" width=\"687\" height=\"1024\" data-id=\"5016\" src=\"https:\/\/carpejenn.com\/wp-content\/uploads\/2023\/06\/Capture-decran-2023-06-02-a-15.01.31-687x1024.png\" alt=\"\" class=\"wp-image-5016\" srcset=\"https:\/\/carpejenn.com\/wp-content\/uploads\/2023\/06\/Capture-decran-2023-06-02-a-15.01.31-687x1024.png 687w, https:\/\/carpejenn.com\/wp-content\/uploads\/2023\/06\/Capture-decran-2023-06-02-a-15.01.31-201x300.png 201w, https:\/\/carpejenn.com\/wp-content\/uploads\/2023\/06\/Capture-decran-2023-06-02-a-15.01.31-768x1144.png 768w, https:\/\/carpejenn.com\/wp-content\/uploads\/2023\/06\/Capture-decran-2023-06-02-a-15.01.31.png 1008w\" sizes=\"(max-width: 687px) 100vw, 687px\" \/><\/figure>\n<\/figure>\n\n\n\n<h3 class=\"wp-block-heading\"><strong>Pra\u00e7a da Rep\u00fablica<\/strong><\/h3>\n\n\n\n<p>Situ\u00e9 \u00e0 moins de 6 minutes \u00e0 pied du Jardin de Santa B\u00e1rbara, on peut dire que cette place est le coeur n\u00e9vralgique de Braga. A son centre, on trouve une grande fontaine, qui est le carrefour de plusieurs rues pi\u00e9tonnes. Le soir, de nombreux groupes folkloriques font des repr\u00e9sentations gratuites en plein air. C&#8217;est l&#8217;endroit id\u00e9al pour flanner, faire du shopping et prendre un bon go\u00fbter ou un bon d\u00eener.<\/p>\n\n\n\n<figure class=\"wp-block-gallery has-nested-images columns-default is-cropped wp-block-gallery-4 is-layout-flex wp-block-gallery-is-layout-flex\">\n<figure class=\"wp-block-image size-large\"><img loading=\"lazy\" decoding=\"async\" width=\"659\" height=\"1024\" data-id=\"5018\" src=\"https:\/\/carpejenn.com\/wp-content\/uploads\/2023\/06\/carpejenn.com-braga-5-659x1024.png\" alt=\"\" class=\"wp-image-5018\" srcset=\"https:\/\/carpejenn.com\/wp-content\/uploads\/2023\/06\/carpejenn.com-braga-5-659x1024.png 659w, https:\/\/carpejenn.com\/wp-content\/uploads\/2023\/06\/carpejenn.com-braga-5-193x300.png 193w, https:\/\/carpejenn.com\/wp-content\/uploads\/2023\/06\/carpejenn.com-braga-5-768x1194.png 768w, https:\/\/carpejenn.com\/wp-content\/uploads\/2023\/06\/carpejenn.com-braga-5.png 848w\" sizes=\"(max-width: 659px) 100vw, 659px\" \/><\/figure>\n\n\n\n<figure class=\"wp-block-image size-large\"><img loading=\"lazy\" decoding=\"async\" width=\"686\" height=\"1024\" data-id=\"5017\" src=\"https:\/\/carpejenn.com\/wp-content\/uploads\/2023\/06\/carpejenn.com-braga6-686x1024.png\" alt=\"\" class=\"wp-image-5017\" srcset=\"https:\/\/carpejenn.com\/wp-content\/uploads\/2023\/06\/carpejenn.com-braga6-686x1024.png 686w, https:\/\/carpejenn.com\/wp-content\/uploads\/2023\/06\/carpejenn.com-braga6-201x300.png 201w, https:\/\/carpejenn.com\/wp-content\/uploads\/2023\/06\/carpejenn.com-braga6-768x1146.png 768w, https:\/\/carpejenn.com\/wp-content\/uploads\/2023\/06\/carpejenn.com-braga6.png 996w\" sizes=\"(max-width: 686px) 100vw, 686px\" \/><\/figure>\n<\/figure>\n\n\n\n<figure class=\"wp-block-image size-large\"><img loading=\"lazy\" decoding=\"async\" width=\"739\" height=\"1024\" src=\"https:\/\/carpejenn.com\/wp-content\/uploads\/2023\/06\/centre-braga-739x1024.png\" alt=\"\" class=\"wp-image-5045\" srcset=\"https:\/\/carpejenn.com\/wp-content\/uploads\/2023\/06\/centre-braga-739x1024.png 739w, https:\/\/carpejenn.com\/wp-content\/uploads\/2023\/06\/centre-braga-217x300.png 217w, https:\/\/carpejenn.com\/wp-content\/uploads\/2023\/06\/centre-braga-768x1064.png 768w, https:\/\/carpejenn.com\/wp-content\/uploads\/2023\/06\/centre-braga.png 992w\" sizes=\"(max-width: 739px) 100vw, 739px\" \/><\/figure>\n\n\n\n<h2 class=\"wp-block-heading\">Les restaurants de Braga<\/h2>\n\n\n\n<p>Nous avons eu le temps d&#8217;en faire deux, avec deux styles diff\u00e9rents :<\/p>\n\n\n\n<p><a href=\"https:\/\/www.inatobistro.pt\/\" title=\"\">INATO Bistr\u00f4<\/a> 10\/10<\/p>\n\n\n\n<p>Restaurant \u00e0 la d\u00e9co chic, il \u00e9tait situ\u00e9 juste \u00e0 c\u00f4t\u00e9 de notre h\u00f4tel. La premi\u00e8re fois que l&#8217;on est pass\u00e9s devant, on a trouv\u00e9 la d\u00e9coration tr\u00e8s jolie et la carte nous a donn\u00e9 envie. Evidemment on s&#8217;est promis d&#8217;y aller manger avant de quitter Braga &#x1f601;. J&#8217;ai trouv\u00e9 le cadre tr\u00e8s romantique, et les plats d&#8217;excellente qualit\u00e9, tant dans le dressage que dans le go\u00fbt. En regardant les photos, on pourrait croire que c&#8217;est cher, mais pas du tout, en tout cas pas avec un pouvoir d&#8217;achat fran\u00e7ais.<\/p>\n\n\n\n<figure class=\"wp-block-gallery has-nested-images columns-default is-cropped wp-block-gallery-5 is-layout-flex wp-block-gallery-is-layout-flex\">\n<figure class=\"wp-block-image size-large\"><img loading=\"lazy\" decoding=\"async\" width=\"696\" height=\"1024\" data-id=\"5025\" src=\"https:\/\/carpejenn.com\/wp-content\/uploads\/2023\/06\/carpejenn.com-braga-8-1-696x1024.png\" alt=\"\" class=\"wp-image-5025\" srcset=\"https:\/\/carpejenn.com\/wp-content\/uploads\/2023\/06\/carpejenn.com-braga-8-1-696x1024.png 696w, https:\/\/carpejenn.com\/wp-content\/uploads\/2023\/06\/carpejenn.com-braga-8-1-204x300.png 204w, https:\/\/carpejenn.com\/wp-content\/uploads\/2023\/06\/carpejenn.com-braga-8-1-768x1131.png 768w, https:\/\/carpejenn.com\/wp-content\/uploads\/2023\/06\/carpejenn.com-braga-8-1.png 1004w\" sizes=\"(max-width: 696px) 100vw, 696px\" \/><\/figure>\n\n\n\n<figure class=\"wp-block-image size-large\"><img loading=\"lazy\" decoding=\"async\" width=\"678\" height=\"1024\" data-id=\"5027\" src=\"https:\/\/carpejenn.com\/wp-content\/uploads\/2023\/06\/carpejenn.com-braga-10-1-678x1024.png\" alt=\"\" class=\"wp-image-5027\" srcset=\"https:\/\/carpejenn.com\/wp-content\/uploads\/2023\/06\/carpejenn.com-braga-10-1-678x1024.png 678w, https:\/\/carpejenn.com\/wp-content\/uploads\/2023\/06\/carpejenn.com-braga-10-1-199x300.png 199w, https:\/\/carpejenn.com\/wp-content\/uploads\/2023\/06\/carpejenn.com-braga-10-1-768x1160.png 768w, https:\/\/carpejenn.com\/wp-content\/uploads\/2023\/06\/carpejenn.com-braga-10-1.png 1000w\" sizes=\"(max-width: 678px) 100vw, 678px\" \/><\/figure>\n\n\n\n<figure class=\"wp-block-image size-large\"><img loading=\"lazy\" decoding=\"async\" width=\"709\" height=\"1024\" data-id=\"5028\" src=\"https:\/\/carpejenn.com\/wp-content\/uploads\/2023\/06\/carpejenn.com-braga-11-1-709x1024.png\" alt=\"\" class=\"wp-image-5028\" srcset=\"https:\/\/carpejenn.com\/wp-content\/uploads\/2023\/06\/carpejenn.com-braga-11-1-709x1024.png 709w, https:\/\/carpejenn.com\/wp-content\/uploads\/2023\/06\/carpejenn.com-braga-11-1-208x300.png 208w, https:\/\/carpejenn.com\/wp-content\/uploads\/2023\/06\/carpejenn.com-braga-11-1-768x1108.png 768w, https:\/\/carpejenn.com\/wp-content\/uploads\/2023\/06\/carpejenn.com-braga-11-1.png 1006w\" sizes=\"(max-width: 709px) 100vw, 709px\" \/><\/figure>\n<\/figure>\n\n\n\n<p><a href=\"https:\/\/www.instagram.com\/marialuisa.brg\/?hl=fr\" target=\"_blank\" rel=\"noopener\" title=\"\">Brunch Maria Lu\u00edsa <\/a> 7\/10<\/p>\n\n\n\n<p>Si il y a un truc dont j&#8217;ai horreur c&#8217;est quand on te met des chips \u00e0 la place des frites, mais quelle id\u00e9e &#x1f921;&#x1f921;&#x1f921;. Mais \u00e0 part \u00e7a, le brunch est plut\u00f4t sympa, les pancakes sont fondants, et les boissons tr\u00e8s bonnes. <\/p>\n\n\n\n<figure class=\"wp-block-gallery has-nested-images columns-default is-cropped wp-block-gallery-6 is-layout-flex wp-block-gallery-is-layout-flex\">\n<figure class=\"wp-block-image size-large\"><img loading=\"lazy\" decoding=\"async\" width=\"795\" height=\"1024\" data-id=\"5032\" src=\"https:\/\/carpejenn.com\/wp-content\/uploads\/2023\/06\/ML-Braga-795x1024.png\" alt=\"\" class=\"wp-image-5032\" srcset=\"https:\/\/carpejenn.com\/wp-content\/uploads\/2023\/06\/ML-Braga-795x1024.png 795w, https:\/\/carpejenn.com\/wp-content\/uploads\/2023\/06\/ML-Braga-233x300.png 233w, https:\/\/carpejenn.com\/wp-content\/uploads\/2023\/06\/ML-Braga-768x990.png 768w, https:\/\/carpejenn.com\/wp-content\/uploads\/2023\/06\/ML-Braga.png 914w\" sizes=\"(max-width: 795px) 100vw, 795px\" \/><figcaption class=\"wp-element-caption\">@marialuisa.brg<\/figcaption><\/figure>\n\n\n\n<figure class=\"wp-block-image size-large\"><img loading=\"lazy\" decoding=\"async\" width=\"768\" height=\"1024\" data-id=\"5033\" src=\"https:\/\/carpejenn.com\/wp-content\/uploads\/2023\/06\/carpejenn.com-braga-13-1-768x1024.jpeg\" alt=\"\" class=\"wp-image-5033\" srcset=\"https:\/\/carpejenn.com\/wp-content\/uploads\/2023\/06\/carpejenn.com-braga-13-1-768x1024.jpeg 768w, https:\/\/carpejenn.com\/wp-content\/uploads\/2023\/06\/carpejenn.com-braga-13-1-225x300.jpeg 225w, https:\/\/carpejenn.com\/wp-content\/uploads\/2023\/06\/carpejenn.com-braga-13-1.jpeg 1107w\" sizes=\"(max-width: 768px) 100vw, 768px\" \/><\/figure>\n<\/figure>\n\n\n\n<hr class=\"wp-block-separator has-alpha-channel-opacity is-style-dots\"\/>\n\n\n\n<p>Pour deux jours dans la ville, c&#8217;est plut\u00f4t pas mal, surtout avec l&#8217;\u00e9tat de fatigue (tellement c&#8217;etait ouf) dans lequel nous a mis ce mariage &#x1f605;. Il y a \u00e9videmment beaucoup plus de choses \u00e0 faire et voir \u00e0 Braga, notamment le <a href=\"https:\/\/www.visitportugal.com\/fr\/node\/137245\" target=\"_blank\" rel=\"noopener\" title=\"\">Sanctuaire Bon-J\u00e9sus-du-Mont<\/a> qui a juste l&#8217;air magnifique, mais bon ce sera pour une prochaine fois.<\/p>\n\n\n\n<h2 class=\"wp-block-heading\">La petite surprise de Porto avant de rentrer<\/h2>\n\n\n\n<p>J&#8217;aurais \u00e9galement bien aim\u00e9 avoir eu le temps de visiter Porto qui est s\u00fbrement la ville la plus connue du nord du Portugal. Avant de prendre notre avion et de rentrer \u00e0 Paris, il nous restait quelques heures, et une des mes cousines nous a propos\u00e9 un d\u00e9jeuner en famille dans un endroit magnifique de la ville, <a href=\"https:\/\/www.pestanacollection.com\/fr\/hotel\/freixo-palace\" target=\"_blank\" rel=\"noopener\" title=\"\">Pestana Pal\u00e1cio do Freixo<\/a>. La nourriture \u00e9tait excellente, et pour le cadre, voici un petit aper\u00e7u :<\/p>\n\n\n\n<figure class=\"wp-block-gallery has-nested-images columns-default is-cropped wp-block-gallery-7 is-layout-flex wp-block-gallery-is-layout-flex\">\n<figure class=\"wp-block-image size-large\"><img loading=\"lazy\" decoding=\"async\" width=\"786\" height=\"1024\" data-id=\"5037\" src=\"https:\/\/carpejenn.com\/wp-content\/uploads\/2023\/06\/carpejenn.com-porto-2-786x1024.png\" alt=\"\" class=\"wp-image-5037\" srcset=\"https:\/\/carpejenn.com\/wp-content\/uploads\/2023\/06\/carpejenn.com-porto-2-786x1024.png 786w, https:\/\/carpejenn.com\/wp-content\/uploads\/2023\/06\/carpejenn.com-porto-2-230x300.png 230w, https:\/\/carpejenn.com\/wp-content\/uploads\/2023\/06\/carpejenn.com-porto-2-768x1000.png 768w, https:\/\/carpejenn.com\/wp-content\/uploads\/2023\/06\/carpejenn.com-porto-2.png 1118w\" sizes=\"(max-width: 786px) 100vw, 786px\" \/><\/figure>\n\n\n\n<figure class=\"wp-block-image size-large\"><img loading=\"lazy\" decoding=\"async\" width=\"804\" height=\"1024\" data-id=\"5035\" src=\"https:\/\/carpejenn.com\/wp-content\/uploads\/2023\/06\/carpejenn.com-porto-3-804x1024.png\" alt=\"\" class=\"wp-image-5035\" srcset=\"https:\/\/carpejenn.com\/wp-content\/uploads\/2023\/06\/carpejenn.com-porto-3-804x1024.png 804w, https:\/\/carpejenn.com\/wp-content\/uploads\/2023\/06\/carpejenn.com-porto-3-236x300.png 236w, https:\/\/carpejenn.com\/wp-content\/uploads\/2023\/06\/carpejenn.com-porto-3-768x978.png 768w, https:\/\/carpejenn.com\/wp-content\/uploads\/2023\/06\/carpejenn.com-porto-3.png 1120w\" sizes=\"(max-width: 804px) 100vw, 804px\" \/><\/figure>\n\n\n\n<figure class=\"wp-block-image size-large\"><img loading=\"lazy\" decoding=\"async\" width=\"642\" height=\"1024\" data-id=\"5036\" src=\"https:\/\/carpejenn.com\/wp-content\/uploads\/2023\/06\/carpejenn.com-porto-4-642x1024.png\" alt=\"\" class=\"wp-image-5036\" srcset=\"https:\/\/carpejenn.com\/wp-content\/uploads\/2023\/06\/carpejenn.com-porto-4-642x1024.png 642w, https:\/\/carpejenn.com\/wp-content\/uploads\/2023\/06\/carpejenn.com-porto-4-188x300.png 188w, https:\/\/carpejenn.com\/wp-content\/uploads\/2023\/06\/carpejenn.com-porto-4-768x1226.png 768w, https:\/\/carpejenn.com\/wp-content\/uploads\/2023\/06\/carpejenn.com-porto-4.png 832w\" sizes=\"(max-width: 642px) 100vw, 642px\" \/><\/figure>\n\n\n\n<figure class=\"wp-block-image size-large\"><img loading=\"lazy\" decoding=\"async\" width=\"701\" height=\"1024\" data-id=\"5038\" src=\"https:\/\/carpejenn.com\/wp-content\/uploads\/2023\/06\/carpejenn.com-porto-5-701x1024.png\" alt=\"\" class=\"wp-image-5038\" srcset=\"https:\/\/carpejenn.com\/wp-content\/uploads\/2023\/06\/carpejenn.com-porto-5-701x1024.png 701w, https:\/\/carpejenn.com\/wp-content\/uploads\/2023\/06\/carpejenn.com-porto-5-205x300.png 205w, https:\/\/carpejenn.com\/wp-content\/uploads\/2023\/06\/carpejenn.com-porto-5-768x1122.png 768w, https:\/\/carpejenn.com\/wp-content\/uploads\/2023\/06\/carpejenn.com-porto-5.png 854w\" sizes=\"(max-width: 701px) 100vw, 701px\" \/><\/figure>\n\n\n\n<figure class=\"wp-block-image size-large\"><img loading=\"lazy\" decoding=\"async\" width=\"703\" height=\"1024\" data-id=\"5039\" src=\"https:\/\/carpejenn.com\/wp-content\/uploads\/2023\/06\/carpejenn.com-porto-6-703x1024.png\" alt=\"\" class=\"wp-image-5039\" srcset=\"https:\/\/carpejenn.com\/wp-content\/uploads\/2023\/06\/carpejenn.com-porto-6-703x1024.png 703w, https:\/\/carpejenn.com\/wp-content\/uploads\/2023\/06\/carpejenn.com-porto-6-206x300.png 206w, https:\/\/carpejenn.com\/wp-content\/uploads\/2023\/06\/carpejenn.com-porto-6-768x1118.png 768w, https:\/\/carpejenn.com\/wp-content\/uploads\/2023\/06\/carpejenn.com-porto-6.png 982w\" sizes=\"(max-width: 703px) 100vw, 703px\" \/><\/figure>\n\n\n\n<figure class=\"wp-block-image size-large\"><img loading=\"lazy\" decoding=\"async\" width=\"730\" height=\"1024\" data-id=\"5040\" src=\"https:\/\/carpejenn.com\/wp-content\/uploads\/2023\/06\/carpejenn.com-porto-7-730x1024.png\" alt=\"\" class=\"wp-image-5040\" srcset=\"https:\/\/carpejenn.com\/wp-content\/uploads\/2023\/06\/carpejenn.com-porto-7-730x1024.png 730w, https:\/\/carpejenn.com\/wp-content\/uploads\/2023\/06\/carpejenn.com-porto-7-214x300.png 214w, https:\/\/carpejenn.com\/wp-content\/uploads\/2023\/06\/carpejenn.com-porto-7-768x1077.png 768w, https:\/\/carpejenn.com\/wp-content\/uploads\/2023\/06\/carpejenn.com-porto-7.png 1004w\" sizes=\"(max-width: 730px) 100vw, 730px\" \/><\/figure>\n<\/figure>\n\n\n\n<p>C&#8217;est le seul endroit de Porto que nous avons pu faire, et je suis contente que \u00e7a ait \u00e9t\u00e9 lui, finir le s\u00e9jour dans un cadre aussi styl\u00e9 c&#8217;\u00e9tait vraiment top. <\/p>\n\n\n\n<hr class=\"wp-block-separator has-alpha-channel-opacity\"\/>\n\n\n\n<p>Et voil\u00e0, c&#8217;est tout pour Braga ! M\u00eame si je n&#8217;y suis rest\u00e9e que 2 jours, en finissant cet article je me rends compte que c&#8217;est pas mal quand m\u00eame tout ce que j&#8217;ai pu d\u00e9couvrir en aussi peu de temps ! <\/p>\n\n\n\n<p><\/p>\n\n\n\n<p>N&#8217;h\u00e9sites pas \u00e0 partager en commentaire tes recos de cette ville si tu en as, ou m\u00eame plus g\u00e9n\u00e9ralement des conseils sur tes meilleures destinations ! &#x1f30d;<\/p>\n","protected":false},"excerpt":{"rendered":"<p>Premi\u00e8re fois de ma vie que je vais \u00e0 un mariage \u00e0 l&#8217;\u00e9tranger (en dehors du Congo) &#x1f60d;, et ah la la quelle exp\u00e9rience, d&#8217;autant plus que c&#8217;\u00e9tait le mariage d&#8217;une cousine avec qui je suis tr\u00e8s proche. Elle a d&#8217;ailleurs gentiment accept\u00e9 de parler de l&#8217;organisation de son mariage : comment elle a choisit [&hellip;]<\/p>\n","protected":false},"author":2,"featured_media":5046,"comment_status":"open","ping_status":"open","sticky":false,"template":"","format":"standard","meta":{"om_disable_all_campaigns":false,"_exactmetrics_skip_tracking":false,"_exactmetrics_sitenote_active":false,"_exactmetrics_sitenote_note":"","_exactmetrics_sitenote_category":0,"footnotes":""},"categories":[57,58,4],"tags":[135,136,134,26,10],"class_list":["post-5004","post","type-post","status-publish","format-standard","has-post-thumbnail","hentry","category-europe","category-tous-les-voyages","category-voyages","tag-article-braga","tag-blog-voyage-portugal","tag-braga-portugal","tag-carpejenn","tag-voyage"],"aioseo_notices":[],"_links":{"self":[{"href":"https:\/\/carpejenn.com\/index.php\/wp-json\/wp\/v2\/posts\/5004"}],"collection":[{"href":"https:\/\/carpejenn.com\/index.php\/wp-json\/wp\/v2\/posts"}],"about":[{"href":"https:\/\/carpejenn.com\/index.php\/wp-json\/wp\/v2\/types\/post"}],"author":[{"embeddable":true,"href":"https:\/\/carpejenn.com\/index.php\/wp-json\/wp\/v2\/users\/2"}],"replies":[{"embeddable":true,"href":"https:\/\/carpejenn.com\/index.php\/wp-json\/wp\/v2\/comments?post=5004"}],"version-history":[{"count":4,"href":"https:\/\/carpejenn.com\/index.php\/wp-json\/wp\/v2\/posts\/5004\/revisions"}],"predecessor-version":[{"id":5048,"href":"https:\/\/carpejenn.com\/index.php\/wp-json\/wp\/v2\/posts\/5004\/revisions\/5048"}],"wp:featuredmedia":[{"embeddable":true,"href":"https:\/\/carpejenn.com\/index.php\/wp-json\/wp\/v2\/media\/5046"}],"wp:attachment":[{"href":"https:\/\/carpejenn.com\/index.php\/wp-json\/wp\/v2\/media?parent=5004"}],"wp:term":[{"taxonomy":"category","embeddable":true,"href":"https:\/\/carpejenn.com\/index.php\/wp-json\/wp\/v2\/categories?post=5004"},{"taxonomy":"post_tag","embeddable":true,"href":"https:\/\/carpejenn.com\/index.php\/wp-json\/wp\/v2\/tags?post=5004"}],"curies":[{"name":"wp","href":"https:\/\/api.w.org\/{rel}","templated":true}]}}