{"id":5086,"date":"2023-07-21T17:43:21","date_gmt":"2023-07-21T15:43:21","guid":{"rendered":"https:\/\/carpejenn.com\/?p=5086"},"modified":"2023-07-29T10:05:53","modified_gmt":"2023-07-29T08:05:53","slug":"10-jours-de-roadtrip-en-islande","status":"publish","type":"post","link":"https:\/\/carpejenn.com\/index.php\/voyages\/10-jours-de-roadtrip-en-islande\/","title":{"rendered":"10 jours de roadtrip en Islande"},"content":{"rendered":"\n<p>Le voyage le plus improbable de ces cinq derni\u00e8res ann\u00e9es ! L\u2019Islande n\u2019\u00e9tait pas du tout sur ma <em>bucket list<\/em> de voyages, et pourtant apr\u00e8s avoir visiter le pays, il est rentr\u00e9 direct dans le top 5 de mes voyages pr\u00e9f\u00e9r\u00e9s avec <a href=\"https:\/\/carpejenn.com\/index.php\/voyages\/philippines-partie-2\/\" target=\"_blank\" rel=\"noopener\" title=\"\">Les Philippines<\/a>, le <a href=\"https:\/\/carpejenn.com\/index.php\/voyages\/costa-rica-roadtrip-entre-filles\/\" target=\"_blank\" rel=\"noopener\" title=\"\">Costa Rica<\/a>, <a href=\"https:\/\/carpejenn.com\/index.php\/voyages\/oman-2\/\" target=\"_blank\" rel=\"noopener\" title=\"\">Oman<\/a>, et la Cor\u00e9e du sud.<\/p>\n\n\n\n<figure class=\"wp-block-embed is-type-video is-provider-youtube wp-block-embed-youtube wp-embed-aspect-16-9 wp-has-aspect-ratio\"><div class=\"wp-block-embed__wrapper\">\nhttps:\/\/youtu.be\/S-9EQwjOJyw\n<\/div><\/figure>\n\n\n\n<h2 class=\"wp-block-heading\"><strong>Le tour de l&#8217;Islande en 10 jours<\/strong><\/h2>\n\n\n\n<p>Je suis partie avec une copine, le roadtrip a dur\u00e9 10 jours et nous avons fait le tour de l\u2019\u00eele dans le sens inverse des aiguilles d\u2019une montre en partant de Reykjavik, la capitale.<\/p>\n\n\n\n<h3 class=\"wp-block-heading\"><strong>Les infos pratiques&nbsp;<\/strong><\/h3>\n\n\n\n<ul class=\"wp-block-list\">\n<li>Dates&nbsp;: du 3 au 13 juillet<\/li>\n\n\n\n<li>Billet d\u2019avion Transavia\u00a0: 700\u20ac (les 2 billets)<\/li>\n\n\n\n<li>6 h\u00f4tels et guesthouses&nbsp;: 1735\u20ac \u00e0 2 soit 867\u20ac par personne.<\/li>\n\n\n\n<li>Location de voiture&nbsp;: Renault Captur bo\u00eete auto 635\u20ac pour 9 jours.<\/li>\n\n\n\n<li>Essence&nbsp;: 260\u20ac<\/li>\n<\/ul>\n\n\n\n<p class=\"has-vivid-green-cyan-background-color has-background\"><strong>TOTAL\u00a0: \u00a03330 = 1665\u20ac par personne, sans compter les activit\u00e9s et les repas .<\/strong><\/p>\n\n\n\n<p>Tu l\u2019auras compris, l\u2019Islande est une destination plut\u00f4t ch\u00e8re, surtout les h\u00f4tels (certains coutaient jusqu\u2019\u00e0 300\u20ac par nuit et ce n\u2019\u00e9taient pas des palaces. Pour compenser, nous avons pass\u00e9 certaines nuits dans des guest houses (autour des 70\u20ac pour deux). Avant ce voyage, je n\u2019avais jamais dormi dans des guest houses, et j\u2019ai \u00e9t\u00e9 agr\u00e9ablement surprise. Je t\u2019explique plus bas.<\/p>\n\n\n\n<h3 class=\"wp-block-heading\"><strong>Les routes en Islande&nbsp;<\/strong><\/h3>\n\n\n\n<p>C\u2019est le pays o\u00f9 j\u2019ai le plus appr\u00e9ci\u00e9 conduire. Les routes sont plates, d\u00e9gag\u00e9es et en tr\u00e8s bon \u00e9tat. On croise peu d\u2019automobilistes, on a vraiment l\u2019impression d\u2019\u00eatre seul sur la route. La route 1 est la route principale qui fait le tour de l\u2019\u00eele. Sur les 1600 km parcourus, il y a eu une fen\u00eatre de 20 minutes pendant lesquelles je n\u2019\u00e9tais pas tr\u00e8s \u00e0 l&#8217;aise car il y avait de la hauteur en bord de falaise (j\u2019ai la peur du vide), la route \u00e9tait pourtant tr\u00e8s s\u00e9curis\u00e9e, avec des garde-fous et tout le monde roulait \u00e0 90km (limite de vitesse en Islande). A part cette partie, tout le reste du trajet \u00e9tait g\u00e9nial. Si tu n\u2019as pas peur du vide, la route ce sera du g\u00e2teau. Encore plus si tu y vas en \u00e9t\u00e9 car il fait jour 24\/7. Le soleil ne se couche pas&nbsp;!<\/p>\n\n\n\n<figure class=\"wp-block-image size-large\"><img loading=\"lazy\" decoding=\"async\" width=\"1024\" height=\"592\" src=\"https:\/\/carpejenn.com\/wp-content\/uploads\/2023\/07\/Capture-decran-2023-07-20-a-10.40.29-1024x592.png\" alt=\"\" class=\"wp-image-5088\" srcset=\"https:\/\/carpejenn.com\/wp-content\/uploads\/2023\/07\/Capture-decran-2023-07-20-a-10.40.29-1024x592.png 1024w, https:\/\/carpejenn.com\/wp-content\/uploads\/2023\/07\/Capture-decran-2023-07-20-a-10.40.29-300x173.png 300w, https:\/\/carpejenn.com\/wp-content\/uploads\/2023\/07\/Capture-decran-2023-07-20-a-10.40.29-768x444.png 768w, https:\/\/carpejenn.com\/wp-content\/uploads\/2023\/07\/Capture-decran-2023-07-20-a-10.40.29-1536x887.png 1536w, https:\/\/carpejenn.com\/wp-content\/uploads\/2023\/07\/Capture-decran-2023-07-20-a-10.40.29-2048x1183.png 2048w\" sizes=\"(max-width: 1024px) 100vw, 1024px\" \/><\/figure>\n\n\n\n<p>Tu peux utiliser tes donn\u00e9es cellulaires sans frais comme dans la plupart des pays en Europe (g\u00e9n\u00e9ralement entre 20 et 50 giga). Parfait pour utiliser waze pour tes trajets.<\/p>\n\n\n\n<p>Sur la route, les paysages sont vraiment \u00e0 couper le souffle. Tr\u00e8s souvent lorsqu\u2019il y a un paysage vraiment extraordinaire (du genre une cascade ou une montagne \u00e0 la forme particuli\u00e8re) il y a des parkings au bord de la route. Petite astuce : A chaque fois que tu vois un parking, arr\u00eate-toi, cela veut probablement dire qu&#8217;il y a un joli paysage \u00e0 admirer pas loin.<\/p>\n\n\n\n<h3 class=\"wp-block-heading\"><strong>\u00c9quipement et v\u00eatements en \u00e9t\u00e9<\/strong><\/h3>\n\n\n\n<p>Je te conseille de prendre une <strong>gourde<\/strong> de type thermos qui garde l\u2019eau bien fraiche. On marche pas mal pendant les visites et on peut avoir vite soif. Si tu y vas en \u00e9t\u00e9, prends un <strong>masque<\/strong> pour dormir si tu aimes dormir dans le noir. Les fen\u00eatres des h\u00f4tels\/guesthouses ne sont pas toujours \u00e9quip\u00e9es pour faire le noir complet.<\/p>\n\n\n\n<p>Les temp\u00e9ratures varient entre 9\u00b0C et 18\u00b0C \u00e0 cette p\u00e9riode. Pour les v\u00eatements, les <strong>tenues de sport<\/strong> ou de randonn\u00e9e seront tes amies. J\u2019ai fait tout mon s\u00e9jour en leggings de sport, sauf un jour o\u00f9 j\u2019ai mis un jean. Pour la marche, des <strong>sneakers<\/strong> classiques font l\u2019affaire (j\u2019ai pris une paire de dunks Nike, des Fila et des boots style Timberland). Un <strong>manteau<\/strong>&nbsp;: les matins il peut faire froid et certains jours les rafales de vent glac\u00e9 peuvent piquer, et prends le plein de pulls.<\/p>\n\n\n\n<h2 class=\"wp-block-heading\">Le d\u00e9tail du roadtrip&nbsp;:<\/h2>\n\n\n\n<figure class=\"wp-block-image size-large\"><img loading=\"lazy\" decoding=\"async\" width=\"1024\" height=\"429\" src=\"https:\/\/carpejenn.com\/wp-content\/uploads\/2023\/07\/Capture-decran-2023-07-21-a-17.40.42-1024x429.png\" alt=\"\" class=\"wp-image-5154\" srcset=\"https:\/\/carpejenn.com\/wp-content\/uploads\/2023\/07\/Capture-decran-2023-07-21-a-17.40.42-1024x429.png 1024w, https:\/\/carpejenn.com\/wp-content\/uploads\/2023\/07\/Capture-decran-2023-07-21-a-17.40.42-300x126.png 300w, https:\/\/carpejenn.com\/wp-content\/uploads\/2023\/07\/Capture-decran-2023-07-21-a-17.40.42-768x322.png 768w, https:\/\/carpejenn.com\/wp-content\/uploads\/2023\/07\/Capture-decran-2023-07-21-a-17.40.42-1536x644.png 1536w, https:\/\/carpejenn.com\/wp-content\/uploads\/2023\/07\/Capture-decran-2023-07-21-a-17.40.42-2048x859.png 2048w\" sizes=\"(max-width: 1024px) 100vw, 1024px\" \/><\/figure>\n\n\n\n<h3 class=\"has-text-align-center has-pale-cyan-blue-background-color has-background has-medium-font-size wp-block-heading\" style=\"font-style:normal;font-weight:400;text-transform:capitalize\"><strong>ETAPE 1&nbsp;: Reykjavik et <\/strong><strong>\u00deingvellir national park<\/strong><strong><\/strong><\/h3>\n\n\n\n<ul class=\"wp-block-list\">\n<li>2 nuits du 3 au 5 juillet <\/li>\n\n\n\n<li>H\u00f4tel&nbsp;: <a href=\"https:\/\/www.booking.com\/hotel\/is\/blue-mountain-apartments.fr.html?dest_type=city&amp;aid=376366&amp;no_rooms=1&amp;ucfs=1&amp;dist=0&amp;group_adults=4&amp;checkin=2023-07-03&amp;srpvid=f3379d5da64300a4&amp;sr_pri_blocks=133367311_86373484_4_0_0__71660&amp;room1=A%2CA%2CA%2CA&amp;req_adults=4&amp;sr_order=price&amp;srepoch=1683930190&amp;sb_price_type=total&amp;hpos=7&amp;matching_block_id=133367311_86373484_4_0_0&amp;group_children=0&amp;all_sr_blocks=133367311_86373484_4_0_0&amp;dest_id=-2651804&amp;checkout=2023-07-06&amp;type=total&amp;label=fr-85Sbyi2evytni3mHZEi6UgS267492169156%3Apl%3Ata%3Ap1%3Ap22.563.000%3Aac%3Aap%3Aneg%3Afi%3Atikwd-65526620%3Alp9111706%3Ali%3Adec%3Adm%3Appccp%3DUmFuZG9tSVYkc2RlIyh9Ye7BFAsTyVd6vvamF_no64o&amp;sid=5f410ab18d2998a051583907c76d0f43&amp;auth_success=1&amp;hapos=7&amp;activeTab=main&amp;req_children=0&amp;highlighted_blocks=133367311_86373484_4_0_0\" target=\"_blank\" rel=\"noopener\" title=\"\">Blue Montains apartments <\/a>445\u20ac<\/li>\n<\/ul>\n\n\n\n<p>Nous sommes rest\u00e9es 4 jours \u00e0 Reykjavik (2 au d\u00e9but du s\u00e9jour et 2 \u00e0 la fin du roadtrip. A part le centre-ville historique qui a un vrai charme, le reste de la capitale est assez terne. Voici ce que nous avons visit\u00e9&nbsp;les 2 premiers jours :<\/p>\n\n\n\n<p><strong>Le centre-ville et ses batisses color\u00e9es <\/strong><\/p>\n\n\n\n<figure class=\"wp-block-gallery has-nested-images columns-default is-cropped wp-block-gallery-1 is-layout-flex wp-block-gallery-is-layout-flex\">\n<figure class=\"wp-block-image size-large\"><img loading=\"lazy\" decoding=\"async\" width=\"762\" height=\"1024\" data-id=\"5089\" src=\"https:\/\/carpejenn.com\/wp-content\/uploads\/2023\/07\/Capture-decran-2023-07-20-a-10.52.46-762x1024.png\" alt=\"\" class=\"wp-image-5089\" srcset=\"https:\/\/carpejenn.com\/wp-content\/uploads\/2023\/07\/Capture-decran-2023-07-20-a-10.52.46-762x1024.png 762w, https:\/\/carpejenn.com\/wp-content\/uploads\/2023\/07\/Capture-decran-2023-07-20-a-10.52.46-223x300.png 223w, https:\/\/carpejenn.com\/wp-content\/uploads\/2023\/07\/Capture-decran-2023-07-20-a-10.52.46-768x1032.png 768w, https:\/\/carpejenn.com\/wp-content\/uploads\/2023\/07\/Capture-decran-2023-07-20-a-10.52.46.png 1000w\" sizes=\"(max-width: 762px) 100vw, 762px\" \/><\/figure>\n\n\n\n<figure class=\"wp-block-image size-large\"><img loading=\"lazy\" decoding=\"async\" width=\"707\" height=\"1024\" data-id=\"5090\" src=\"https:\/\/carpejenn.com\/wp-content\/uploads\/2023\/07\/Capture-decran-2023-07-20-a-10.53.26-707x1024.png\" alt=\"\" class=\"wp-image-5090\" srcset=\"https:\/\/carpejenn.com\/wp-content\/uploads\/2023\/07\/Capture-decran-2023-07-20-a-10.53.26-707x1024.png 707w, https:\/\/carpejenn.com\/wp-content\/uploads\/2023\/07\/Capture-decran-2023-07-20-a-10.53.26-207x300.png 207w, https:\/\/carpejenn.com\/wp-content\/uploads\/2023\/07\/Capture-decran-2023-07-20-a-10.53.26-768x1113.png 768w, https:\/\/carpejenn.com\/wp-content\/uploads\/2023\/07\/Capture-decran-2023-07-20-a-10.53.26.png 998w\" sizes=\"(max-width: 707px) 100vw, 707px\" \/><\/figure>\n<\/figure>\n\n\n\n<figure class=\"wp-block-image size-large\"><img loading=\"lazy\" decoding=\"async\" width=\"1024\" height=\"676\" src=\"https:\/\/carpejenn.com\/wp-content\/uploads\/2023\/07\/Capture-decran-2023-07-20-a-10.56.59-1024x676.png\" alt=\"\" class=\"wp-image-5091\" srcset=\"https:\/\/carpejenn.com\/wp-content\/uploads\/2023\/07\/Capture-decran-2023-07-20-a-10.56.59-1024x676.png 1024w, https:\/\/carpejenn.com\/wp-content\/uploads\/2023\/07\/Capture-decran-2023-07-20-a-10.56.59-300x198.png 300w, https:\/\/carpejenn.com\/wp-content\/uploads\/2023\/07\/Capture-decran-2023-07-20-a-10.56.59-768x507.png 768w, https:\/\/carpejenn.com\/wp-content\/uploads\/2023\/07\/Capture-decran-2023-07-20-a-10.56.59.png 1300w\" sizes=\"(max-width: 1024px) 100vw, 1024px\" \/><\/figure>\n\n\n\n<p><strong>L\u2019Eglise de Hallgr\u00edmur<\/strong><\/p>\n\n\n\n<figure class=\"wp-block-image size-large\"><img loading=\"lazy\" decoding=\"async\" width=\"1024\" height=\"688\" src=\"https:\/\/carpejenn.com\/wp-content\/uploads\/2023\/07\/Capture-decran-2023-07-20-a-11.01.26-1024x688.png\" alt=\"\" class=\"wp-image-5092\" srcset=\"https:\/\/carpejenn.com\/wp-content\/uploads\/2023\/07\/Capture-decran-2023-07-20-a-11.01.26-1024x688.png 1024w, https:\/\/carpejenn.com\/wp-content\/uploads\/2023\/07\/Capture-decran-2023-07-20-a-11.01.26-300x202.png 300w, https:\/\/carpejenn.com\/wp-content\/uploads\/2023\/07\/Capture-decran-2023-07-20-a-11.01.26-768x516.png 768w, https:\/\/carpejenn.com\/wp-content\/uploads\/2023\/07\/Capture-decran-2023-07-20-a-11.01.26-1536x1032.png 1536w, https:\/\/carpejenn.com\/wp-content\/uploads\/2023\/07\/Capture-decran-2023-07-20-a-11.01.26.png 1670w\" sizes=\"(max-width: 1024px) 100vw, 1024px\" \/><figcaption class=\"wp-element-caption\">L&#8217;\u00e9glise marque \u00e9galement le d\u00e9but de la rue pi\u00e9tonne principale de la ville.<\/figcaption><\/figure>\n\n\n\n<p><strong>Harpa, la salle de concert et centre des congr\u00e8s de la ville. <\/strong><\/p>\n\n\n\n<figure class=\"wp-block-gallery has-nested-images columns-default is-cropped wp-block-gallery-2 is-layout-flex wp-block-gallery-is-layout-flex\">\n<figure class=\"wp-block-image size-large\"><img loading=\"lazy\" decoding=\"async\" width=\"678\" height=\"1024\" data-id=\"5093\" src=\"https:\/\/carpejenn.com\/wp-content\/uploads\/2023\/07\/Capture-decran-2023-07-20-a-11.07.18-678x1024.png\" alt=\"Debout devant Harpa, la salle de concert de Reykjavik\" class=\"wp-image-5093\" srcset=\"https:\/\/carpejenn.com\/wp-content\/uploads\/2023\/07\/Capture-decran-2023-07-20-a-11.07.18-678x1024.png 678w, https:\/\/carpejenn.com\/wp-content\/uploads\/2023\/07\/Capture-decran-2023-07-20-a-11.07.18-199x300.png 199w, https:\/\/carpejenn.com\/wp-content\/uploads\/2023\/07\/Capture-decran-2023-07-20-a-11.07.18-768x1160.png 768w, https:\/\/carpejenn.com\/wp-content\/uploads\/2023\/07\/Capture-decran-2023-07-20-a-11.07.18.png 984w\" sizes=\"(max-width: 678px) 100vw, 678px\" \/><\/figure>\n<\/figure>\n\n\n\n<p>L&#8217;architecture moderne du b\u00e2timent est tr\u00e8s jolie \u00e0 observer de l&#8217;ext\u00e9rieur comme de l&#8217;int\u00e9rieur. N&#8217;h\u00e9site pas \u00e0 rentrer et te balader dans les couloirs (gratuit)<\/p>\n\n\n\n<p><strong>Balade sur la corniche<\/strong><\/p>\n\n\n\n<figure class=\"wp-block-image size-large is-resized\"><img loading=\"lazy\" decoding=\"async\" src=\"https:\/\/carpejenn.com\/wp-content\/uploads\/2023\/07\/Capture-decran-2023-07-20-a-11.14.00-1024x676.png\" alt=\"\" class=\"wp-image-5095\" width=\"841\" height=\"555\" srcset=\"https:\/\/carpejenn.com\/wp-content\/uploads\/2023\/07\/Capture-decran-2023-07-20-a-11.14.00-1024x676.png 1024w, https:\/\/carpejenn.com\/wp-content\/uploads\/2023\/07\/Capture-decran-2023-07-20-a-11.14.00-300x198.png 300w, https:\/\/carpejenn.com\/wp-content\/uploads\/2023\/07\/Capture-decran-2023-07-20-a-11.14.00-768x507.png 768w, https:\/\/carpejenn.com\/wp-content\/uploads\/2023\/07\/Capture-decran-2023-07-20-a-11.14.00-1536x1014.png 1536w, https:\/\/carpejenn.com\/wp-content\/uploads\/2023\/07\/Capture-decran-2023-07-20-a-11.14.00.png 1588w\" sizes=\"(max-width: 841px) 100vw, 841px\" \/><figcaption class=\"wp-element-caption\">Il faisait extr\u00eamement froid le jour o\u00f9 on y est all\u00e9es, avec suppl\u00e9ment rafales de vent &#x1f976;<\/figcaption><\/figure>\n\n\n\n<p><strong>Restaurants test\u00e9s et valid\u00e9s&nbsp;\u00e0 Reykjavik :<\/strong><\/p>\n\n\n\n<p><a href=\"https:\/\/puredeli.is\/\" target=\"_blank\" rel=\"noopener\" title=\"\">Pure Deli<\/a> : C&#8217;\u00e9tait notre spot pr\u00e9f\u00e9r\u00e9 pour les petits-dej. Il \u00e9tait situ\u00e9 \u00e0 100 m\u00e8tres de notre logement. Les plats \u00e9taient vraiment de tr\u00e8s bonne qualit\u00e9 (je me souviendrai toujours de leur wrap poulet avocat, un assaisonnement &#x1f90c;&#x1f3ff; ). Et en bonus, on a une vie magnifique sur un lac.<\/p>\n\n\n\n<p><a href=\"https:\/\/annajona.is\/\" target=\"_blank\" rel=\"noopener\" title=\"\">Anna Jona<\/a> : Le meilleur chou grill\u00e9 de ma vie. Anna Jona est un restau situ\u00e9 dans le centre-ville, pas tr\u00e8s loin du Harpa. Le cadre est tr\u00e8s mignon et les plats excellents (qui a dit qu&#8217;on mangeait mal en Islande ?)<\/p>\n\n\n\n<figure class=\"wp-block-gallery has-nested-images columns-default is-cropped wp-block-gallery-3 is-layout-flex wp-block-gallery-is-layout-flex\">\n<figure class=\"wp-block-image size-large\"><img loading=\"lazy\" decoding=\"async\" width=\"819\" height=\"1024\" data-id=\"5096\" src=\"https:\/\/carpejenn.com\/wp-content\/uploads\/2023\/07\/IMG_5164-1-819x1024.jpg\" alt=\"\" class=\"wp-image-5096\" srcset=\"https:\/\/carpejenn.com\/wp-content\/uploads\/2023\/07\/IMG_5164-1-819x1024.jpg 819w, https:\/\/carpejenn.com\/wp-content\/uploads\/2023\/07\/IMG_5164-1-240x300.jpg 240w, https:\/\/carpejenn.com\/wp-content\/uploads\/2023\/07\/IMG_5164-1-768x960.jpg 768w, https:\/\/carpejenn.com\/wp-content\/uploads\/2023\/07\/IMG_5164-1-1229x1536.jpg 1229w, https:\/\/carpejenn.com\/wp-content\/uploads\/2023\/07\/IMG_5164-1-1638x2048.jpg 1638w, https:\/\/carpejenn.com\/wp-content\/uploads\/2023\/07\/IMG_5164-1-scaled.jpg 2048w\" sizes=\"(max-width: 819px) 100vw, 819px\" \/><\/figure>\n\n\n\n<figure class=\"wp-block-image size-large\"><img loading=\"lazy\" decoding=\"async\" width=\"766\" height=\"1024\" data-id=\"5097\" src=\"https:\/\/carpejenn.com\/wp-content\/uploads\/2023\/07\/Capture-decran-2023-07-20-a-11.33.13-766x1024.png\" alt=\"\" class=\"wp-image-5097\" srcset=\"https:\/\/carpejenn.com\/wp-content\/uploads\/2023\/07\/Capture-decran-2023-07-20-a-11.33.13-766x1024.png 766w, https:\/\/carpejenn.com\/wp-content\/uploads\/2023\/07\/Capture-decran-2023-07-20-a-11.33.13-224x300.png 224w, https:\/\/carpejenn.com\/wp-content\/uploads\/2023\/07\/Capture-decran-2023-07-20-a-11.33.13-768x1027.png 768w, https:\/\/carpejenn.com\/wp-content\/uploads\/2023\/07\/Capture-decran-2023-07-20-a-11.33.13.png 990w\" sizes=\"(max-width: 766px) 100vw, 766px\" \/><\/figure>\n\n\n\n<figure class=\"wp-block-image size-large\"><img loading=\"lazy\" decoding=\"async\" width=\"771\" height=\"1024\" data-id=\"5098\" src=\"https:\/\/carpejenn.com\/wp-content\/uploads\/2023\/07\/Capture-decran-2023-07-20-a-11.33.59-771x1024.png\" alt=\"\" class=\"wp-image-5098\" srcset=\"https:\/\/carpejenn.com\/wp-content\/uploads\/2023\/07\/Capture-decran-2023-07-20-a-11.33.59-771x1024.png 771w, https:\/\/carpejenn.com\/wp-content\/uploads\/2023\/07\/Capture-decran-2023-07-20-a-11.33.59-226x300.png 226w, https:\/\/carpejenn.com\/wp-content\/uploads\/2023\/07\/Capture-decran-2023-07-20-a-11.33.59-768x1019.png 768w, https:\/\/carpejenn.com\/wp-content\/uploads\/2023\/07\/Capture-decran-2023-07-20-a-11.33.59.png 1118w\" sizes=\"(max-width: 771px) 100vw, 771px\" \/><\/figure>\n<\/figure>\n\n\n\n<p>&nbsp;<\/p>\n\n\n\n<p><\/p>\n\n\n\n<p><a href=\"https:\/\/bbp.is\/\" target=\"_blank\" rel=\"noopener\" title=\"\">B\u00e6jarins Beztu Pylsur<\/a> (&#8220;Les meilleurs hot-dog de la ville&#8221;): Ne me demande pas pourquoi, mais il y a une cha\u00eene de hot-dog qui a super la cote dans le pays &#x1f937;&#x1f3ff;&#x200d;&#x2640;&#xfe0f;. Nous avons \u00e9t\u00e9 \u00e0 celui du centre-ville, situ\u00e9 \u00e0 proximit\u00e9 de la rue pi\u00e9tonne. C&#8217;\u00e9tait bon mais pas au point d&#8217;\u00eatre c\u00e9l\u00e8bre selon moi. Mais bon, \u00e7a fait partie de la culture locale, donc \u00e0 tester au moins une fois. <\/p>\n\n\n\n<figure class=\"wp-block-gallery has-nested-images columns-default is-cropped wp-block-gallery-4 is-layout-flex wp-block-gallery-is-layout-flex\">\n<figure class=\"wp-block-image size-large\"><img loading=\"lazy\" decoding=\"async\" width=\"869\" height=\"1024\" data-id=\"5100\" src=\"https:\/\/carpejenn.com\/wp-content\/uploads\/2023\/07\/Capture-decran-2023-07-20-a-20.05.36-869x1024.png\" alt=\"\" class=\"wp-image-5100\" srcset=\"https:\/\/carpejenn.com\/wp-content\/uploads\/2023\/07\/Capture-decran-2023-07-20-a-20.05.36-869x1024.png 869w, https:\/\/carpejenn.com\/wp-content\/uploads\/2023\/07\/Capture-decran-2023-07-20-a-20.05.36-255x300.png 255w, https:\/\/carpejenn.com\/wp-content\/uploads\/2023\/07\/Capture-decran-2023-07-20-a-20.05.36-768x905.png 768w, https:\/\/carpejenn.com\/wp-content\/uploads\/2023\/07\/Capture-decran-2023-07-20-a-20.05.36.png 1108w\" sizes=\"(max-width: 869px) 100vw, 869px\" \/><\/figure>\n\n\n\n<figure class=\"wp-block-image size-large\"><img loading=\"lazy\" decoding=\"async\" width=\"820\" height=\"1024\" data-id=\"5101\" src=\"https:\/\/carpejenn.com\/wp-content\/uploads\/2023\/07\/Capture-decran-2023-07-20-a-20.05.54-820x1024.png\" alt=\"\" class=\"wp-image-5101\" srcset=\"https:\/\/carpejenn.com\/wp-content\/uploads\/2023\/07\/Capture-decran-2023-07-20-a-20.05.54-820x1024.png 820w, https:\/\/carpejenn.com\/wp-content\/uploads\/2023\/07\/Capture-decran-2023-07-20-a-20.05.54-240x300.png 240w, https:\/\/carpejenn.com\/wp-content\/uploads\/2023\/07\/Capture-decran-2023-07-20-a-20.05.54-768x959.png 768w, https:\/\/carpejenn.com\/wp-content\/uploads\/2023\/07\/Capture-decran-2023-07-20-a-20.05.54.png 1128w\" sizes=\"(max-width: 820px) 100vw, 820px\" \/><\/figure>\n<\/figure>\n\n\n\n<p>A la fin de notre roadtrip, nous sommes revenues \u00e0 Rekjavik pour 2 jours et nous avons pris le temps visiter tout ce que nous n\u2019avions pas eu le temps de faire en d\u00e9but de s\u00e9jour&nbsp;(voir \u00e0 la fin de l\u2019article).<\/p>\n\n\n\n<p>A 50 minutes \u00e0 l\u2019est de Reykjavik se trouve le <strong><a href=\"https:\/\/www.thingvellir.is\/en\/\" target=\"_blank\" rel=\"noopener\" title=\"\">\u00deingvellir national park<\/a>, <\/strong>class\u00e9 au patrimoine mondial de l\u2019UNESCO. C\u2019est un tr\u00e8s beau site naturel dont le tour se fait entre une heure et une heure et demi. Le parc est gratuit mais le parking payant. Pour une voiture 5 places il faut compter 75O kr (5\u20ac).<\/p>\n\n\n\n<figure class=\"wp-block-gallery has-nested-images columns-default is-cropped wp-block-gallery-5 is-layout-flex wp-block-gallery-is-layout-flex\">\n<figure class=\"wp-block-image size-large\"><img loading=\"lazy\" decoding=\"async\" width=\"702\" height=\"1024\" data-id=\"5103\" src=\"https:\/\/carpejenn.com\/wp-content\/uploads\/2023\/07\/Capture-decran-2023-07-21-a-15.28.58-702x1024.png\" alt=\"\" class=\"wp-image-5103\" srcset=\"https:\/\/carpejenn.com\/wp-content\/uploads\/2023\/07\/Capture-decran-2023-07-21-a-15.28.58-702x1024.png 702w, https:\/\/carpejenn.com\/wp-content\/uploads\/2023\/07\/Capture-decran-2023-07-21-a-15.28.58-206x300.png 206w, https:\/\/carpejenn.com\/wp-content\/uploads\/2023\/07\/Capture-decran-2023-07-21-a-15.28.58-768x1120.png 768w, https:\/\/carpejenn.com\/wp-content\/uploads\/2023\/07\/Capture-decran-2023-07-21-a-15.28.58.png 982w\" sizes=\"(max-width: 702px) 100vw, 702px\" \/><\/figure>\n\n\n\n<figure class=\"wp-block-image size-large\"><img loading=\"lazy\" decoding=\"async\" width=\"675\" height=\"1024\" data-id=\"5104\" src=\"https:\/\/carpejenn.com\/wp-content\/uploads\/2023\/07\/Capture-decran-2023-07-21-a-15.28.42-675x1024.png\" alt=\"\" class=\"wp-image-5104\" srcset=\"https:\/\/carpejenn.com\/wp-content\/uploads\/2023\/07\/Capture-decran-2023-07-21-a-15.28.42-675x1024.png 675w, https:\/\/carpejenn.com\/wp-content\/uploads\/2023\/07\/Capture-decran-2023-07-21-a-15.28.42-198x300.png 198w, https:\/\/carpejenn.com\/wp-content\/uploads\/2023\/07\/Capture-decran-2023-07-21-a-15.28.42-768x1165.png 768w, https:\/\/carpejenn.com\/wp-content\/uploads\/2023\/07\/Capture-decran-2023-07-21-a-15.28.42.png 956w\" sizes=\"(max-width: 675px) 100vw, 675px\" \/><\/figure>\n<\/figure>\n\n\n\n<p>Puis trajet de 50 minutes vers&nbsp;:<\/p>\n\n\n\n<h3 class=\"has-text-align-center has-pale-cyan-blue-background-color has-background wp-block-heading\"><strong>ETAPE 2 : <\/strong><strong>Geysir<\/strong><\/h3>\n\n\n\n<ul class=\"wp-block-list\">\n<li>1 nuit du 5 au 6 juillet<\/li>\n\n\n\n<li>Guesthouse <a href=\"https:\/\/www.booking.com\/hotel\/is\/skyggnir-hostel.fr.html?aid=318615&amp;label=New_French_FR_FR_21427169905-YP8jtirKV*kzSzTpDnHYDwS217244403486%3Apl%3Ata%3Ap1%3Ap2%3Aac%3Aap%3Aneg&amp;sid=f1a37f2b0fa2d8cb7c496413e19892ba&amp;all_sr_blocks=302175803_124595553_0_1_0&amp;checkin=2023-07-05&amp;checkout=2023-07-06&amp;dest_id=900049968&amp;dest_type=city&amp;dist=0&amp;group_adults=2&amp;group_children=0&amp;hapos=7&amp;highlighted_blocks=302175803_124595553_0_1_0&amp;hpos=7&amp;matching_block_id=302175803_124595553_0_1_0&amp;no_rooms=1&amp;req_adults=2&amp;req_children=0&amp;room1=A%2CA&amp;sb_price_type=total&amp;sr_order=popularity&amp;sr_pri_blocks=302175803_124595553_0_1_0__6413&amp;srepoch=1687120754&amp;srpvid=c22891380ea00374&amp;type=total&amp;ucfs=1&amp;activeTab=main\">Skyggnir Bed and Breakfast<\/a> 71\u20ac.<\/li>\n<\/ul>\n\n\n\n<p>Le premier guesthouse de ma vie ! Notre chambre \u00e9tait tr\u00e8s petite mais tr\u00e8s propre. Le linge sentait bon, de nombreux oreillers suppl\u00e9mentaires \u00e9taient \u00e0 disposition et les pi\u00e8ces communes (cuisine, salles de bain) \u00e9taient bien entretenues.  <\/p>\n\n\n\n<p>A faire dans le coin : <\/p>\n\n\n\n<ul class=\"wp-block-list\">\n<li>Restaurant test\u00e9 et valid\u00e9&nbsp;: <a href=\"https:\/\/mika.is\/en\/\" target=\"_blank\" rel=\"noopener\" title=\"\">Mika<\/a>&nbsp;(tr\u00e8s tr\u00e8s bon)<\/li>\n\n\n\n<li>Cascade Faxi <\/li>\n<\/ul>\n\n\n\n<figure class=\"wp-block-gallery has-nested-images columns-default is-cropped wp-block-gallery-6 is-layout-flex wp-block-gallery-is-layout-flex\">\n<figure class=\"wp-block-image size-large\"><img loading=\"lazy\" decoding=\"async\" width=\"745\" height=\"1024\" data-id=\"5105\" src=\"https:\/\/carpejenn.com\/wp-content\/uploads\/2023\/07\/Capture-decran-2023-07-21-a-15.32.30-745x1024.png\" alt=\"\" class=\"wp-image-5105\" srcset=\"https:\/\/carpejenn.com\/wp-content\/uploads\/2023\/07\/Capture-decran-2023-07-21-a-15.32.30-745x1024.png 745w, https:\/\/carpejenn.com\/wp-content\/uploads\/2023\/07\/Capture-decran-2023-07-21-a-15.32.30-218x300.png 218w, https:\/\/carpejenn.com\/wp-content\/uploads\/2023\/07\/Capture-decran-2023-07-21-a-15.32.30-768x1055.png 768w, https:\/\/carpejenn.com\/wp-content\/uploads\/2023\/07\/Capture-decran-2023-07-21-a-15.32.30.png 984w\" sizes=\"(max-width: 745px) 100vw, 745px\" \/><\/figure>\n\n\n\n<figure class=\"wp-block-image size-large\"><img loading=\"lazy\" decoding=\"async\" width=\"719\" height=\"1024\" data-id=\"5106\" src=\"https:\/\/carpejenn.com\/wp-content\/uploads\/2023\/07\/Capture-decran-2023-07-21-a-15.33.38-719x1024.png\" alt=\"\" class=\"wp-image-5106\" srcset=\"https:\/\/carpejenn.com\/wp-content\/uploads\/2023\/07\/Capture-decran-2023-07-21-a-15.33.38-719x1024.png 719w, https:\/\/carpejenn.com\/wp-content\/uploads\/2023\/07\/Capture-decran-2023-07-21-a-15.33.38-211x300.png 211w, https:\/\/carpejenn.com\/wp-content\/uploads\/2023\/07\/Capture-decran-2023-07-21-a-15.33.38-768x1094.png 768w, https:\/\/carpejenn.com\/wp-content\/uploads\/2023\/07\/Capture-decran-2023-07-21-a-15.33.38.png 980w\" sizes=\"(max-width: 719px) 100vw, 719px\" \/><\/figure>\n<figcaption class=\"blocks-gallery-caption wp-element-caption\"><br><\/figcaption><\/figure>\n\n\n\n<p><strong>Les fameux Geyser d\u2019Islande&nbsp;<\/strong>! Je dois avouer que c\u2019\u00e9tait assez impressionnant de voir ce ph\u00e9nom\u00e8ne en vrai. Le site est facilement accessible, et les geysers visibles de la route. Le plus impressionnant est celui qui s\u2019appelle Strokkur. Les \u00e9ruptions peuvent atteindre plusieurs m\u00e8tres. Les \u00e9ruptions ne sont pas si irr\u00e9guli\u00e8res que \u00e7a, environ toutes les 5 minutes. Tu en verras forc\u00e9ment.<\/p>\n\n\n\n<figure class=\"wp-block-image size-large\"><img loading=\"lazy\" decoding=\"async\" width=\"1024\" height=\"554\" src=\"https:\/\/carpejenn.com\/wp-content\/uploads\/2023\/07\/Capture-decran-2023-07-21-a-15.41.15-1024x554.png\" alt=\"\" class=\"wp-image-5107\" srcset=\"https:\/\/carpejenn.com\/wp-content\/uploads\/2023\/07\/Capture-decran-2023-07-21-a-15.41.15-1024x554.png 1024w, https:\/\/carpejenn.com\/wp-content\/uploads\/2023\/07\/Capture-decran-2023-07-21-a-15.41.15-300x162.png 300w, https:\/\/carpejenn.com\/wp-content\/uploads\/2023\/07\/Capture-decran-2023-07-21-a-15.41.15-768x416.png 768w, https:\/\/carpejenn.com\/wp-content\/uploads\/2023\/07\/Capture-decran-2023-07-21-a-15.41.15-1536x831.png 1536w, https:\/\/carpejenn.com\/wp-content\/uploads\/2023\/07\/Capture-decran-2023-07-21-a-15.41.15-2048x1109.png 2048w\" sizes=\"(max-width: 1024px) 100vw, 1024px\" \/><\/figure>\n\n\n\n<p>Puis trajet de 1h30 vers&nbsp;: <\/p>\n\n\n\n<h3 class=\"has-text-align-center has-pale-cyan-blue-background-color has-background wp-block-heading\"><strong>ETAPE 4 : Seljalandsfoss, Seljavallalaug et<\/strong> <strong>Skogafoos<\/strong><\/h3>\n\n\n\n<p>Cette journ\u00e9e \u00e9tait la plus physique du tout le s\u00e9jour. Nous avons visit\u00e9 3 sites et enchain\u00e9 avec 3h30 de route, mais si c\u2019\u00e9tait \u00e0 refaire, je le referai sans h\u00e9siter.<\/p>\n\n\n\n<p>Ce qui fait l\u2019originalit\u00e9 de la cascade de Seljalandsfoss c\u2019est que l\u2019on peut passer derri\u00e8re. Des 5 cascades que l\u2019on a visit\u00e9es, c\u2019est la seule qui offrait cette possibilit\u00e9. C\u2019est la plus grande mais pas la seule cascade du site. Il y en a 3 autres qui m\u00eame si elles sont moins impressionnantes sont aussi jolies. Pour le paiement, c\u2019est comme \u00e0 \u00deingvellir, il faut juste payer le parking.<\/p>\n\n\n\n<figure class=\"wp-block-gallery has-nested-images columns-default is-cropped wp-block-gallery-7 is-layout-flex wp-block-gallery-is-layout-flex\">\n<figure class=\"wp-block-image size-large\"><img loading=\"lazy\" decoding=\"async\" width=\"801\" height=\"1024\" data-id=\"5109\" src=\"https:\/\/carpejenn.com\/wp-content\/uploads\/2023\/07\/Capture-decran-2023-07-21-a-15.46.36-801x1024.png\" alt=\"\" class=\"wp-image-5109\" srcset=\"https:\/\/carpejenn.com\/wp-content\/uploads\/2023\/07\/Capture-decran-2023-07-21-a-15.46.36-801x1024.png 801w, https:\/\/carpejenn.com\/wp-content\/uploads\/2023\/07\/Capture-decran-2023-07-21-a-15.46.36-235x300.png 235w, https:\/\/carpejenn.com\/wp-content\/uploads\/2023\/07\/Capture-decran-2023-07-21-a-15.46.36-768x982.png 768w, https:\/\/carpejenn.com\/wp-content\/uploads\/2023\/07\/Capture-decran-2023-07-21-a-15.46.36.png 1112w\" sizes=\"(max-width: 801px) 100vw, 801px\" \/><\/figure>\n\n\n\n<figure class=\"wp-block-image size-large\"><img loading=\"lazy\" decoding=\"async\" width=\"751\" height=\"1024\" data-id=\"5110\" src=\"https:\/\/carpejenn.com\/wp-content\/uploads\/2023\/07\/Capture-decran-2023-07-21-a-15.45.11-1-751x1024.png\" alt=\"\" class=\"wp-image-5110\" srcset=\"https:\/\/carpejenn.com\/wp-content\/uploads\/2023\/07\/Capture-decran-2023-07-21-a-15.45.11-1-751x1024.png 751w, https:\/\/carpejenn.com\/wp-content\/uploads\/2023\/07\/Capture-decran-2023-07-21-a-15.45.11-1-220x300.png 220w, https:\/\/carpejenn.com\/wp-content\/uploads\/2023\/07\/Capture-decran-2023-07-21-a-15.45.11-1-768x1047.png 768w, https:\/\/carpejenn.com\/wp-content\/uploads\/2023\/07\/Capture-decran-2023-07-21-a-15.45.11-1.png 1086w\" sizes=\"(max-width: 751px) 100vw, 751px\" \/><\/figure>\n\n\n\n<figure class=\"wp-block-image size-large\"><img loading=\"lazy\" decoding=\"async\" width=\"1024\" height=\"746\" data-id=\"5111\" src=\"https:\/\/carpejenn.com\/wp-content\/uploads\/2023\/07\/Capture-decran-2023-07-21-a-15.47.59-1024x746.png\" alt=\"\" class=\"wp-image-5111\" srcset=\"https:\/\/carpejenn.com\/wp-content\/uploads\/2023\/07\/Capture-decran-2023-07-21-a-15.47.59-1024x746.png 1024w, https:\/\/carpejenn.com\/wp-content\/uploads\/2023\/07\/Capture-decran-2023-07-21-a-15.47.59-300x218.png 300w, https:\/\/carpejenn.com\/wp-content\/uploads\/2023\/07\/Capture-decran-2023-07-21-a-15.47.59-768x559.png 768w, https:\/\/carpejenn.com\/wp-content\/uploads\/2023\/07\/Capture-decran-2023-07-21-a-15.47.59-1536x1119.png 1536w, https:\/\/carpejenn.com\/wp-content\/uploads\/2023\/07\/Capture-decran-2023-07-21-a-15.47.59.png 1538w\" sizes=\"(max-width: 1024px) 100vw, 1024px\" \/><\/figure>\n<\/figure>\n\n\n\n<p>A 20 minutes de l\u00e0, se trouve une piscine tr\u00e8s surprenante&nbsp;: Seljavallalaug ! Fabriqu\u00e9e au pied d\u2019une colline, et approvisionn\u00e9e en eau par une source chaude voisine, la piscine a \u00e9t\u00e9 cr\u00e9\u00e9e en 1923 par (sorry j&#8217;ai plus le nom) Le but&nbsp;? Proposer des cours de natation aux locaux dans un cadre idyllique.<\/p>\n\n\n\n<figure class=\"wp-block-gallery has-nested-images columns-default is-cropped wp-block-gallery-8 is-layout-flex wp-block-gallery-is-layout-flex\">\n<figure class=\"wp-block-image size-large\"><img loading=\"lazy\" decoding=\"async\" width=\"770\" height=\"1024\" data-id=\"5116\" src=\"https:\/\/carpejenn.com\/wp-content\/uploads\/2023\/07\/Capture-decran-2023-07-21-a-15.51.53-1-770x1024.png\" alt=\"\" class=\"wp-image-5116\" srcset=\"https:\/\/carpejenn.com\/wp-content\/uploads\/2023\/07\/Capture-decran-2023-07-21-a-15.51.53-1-770x1024.png 770w, https:\/\/carpejenn.com\/wp-content\/uploads\/2023\/07\/Capture-decran-2023-07-21-a-15.51.53-1-225x300.png 225w, https:\/\/carpejenn.com\/wp-content\/uploads\/2023\/07\/Capture-decran-2023-07-21-a-15.51.53-1-768x1022.png 768w, https:\/\/carpejenn.com\/wp-content\/uploads\/2023\/07\/Capture-decran-2023-07-21-a-15.51.53-1.png 908w\" sizes=\"(max-width: 770px) 100vw, 770px\" \/><\/figure>\n\n\n\n<figure class=\"wp-block-image size-large\"><img loading=\"lazy\" decoding=\"async\" width=\"912\" height=\"712\" data-id=\"5115\" src=\"https:\/\/carpejenn.com\/wp-content\/uploads\/2023\/07\/Capture-decran-2023-07-21-a-15.52.01-1.png\" alt=\"\" class=\"wp-image-5115\" srcset=\"https:\/\/carpejenn.com\/wp-content\/uploads\/2023\/07\/Capture-decran-2023-07-21-a-15.52.01-1.png 912w, https:\/\/carpejenn.com\/wp-content\/uploads\/2023\/07\/Capture-decran-2023-07-21-a-15.52.01-1-300x234.png 300w, https:\/\/carpejenn.com\/wp-content\/uploads\/2023\/07\/Capture-decran-2023-07-21-a-15.52.01-1-768x600.png 768w\" sizes=\"(max-width: 912px) 100vw, 912px\" \/><\/figure>\n\n\n\n<figure class=\"wp-block-image size-large\"><img loading=\"lazy\" decoding=\"async\" width=\"764\" height=\"1024\" data-id=\"5117\" src=\"https:\/\/carpejenn.com\/wp-content\/uploads\/2023\/07\/Capture-decran-2023-07-21-a-15.52.08-764x1024.png\" alt=\"\" class=\"wp-image-5117\" srcset=\"https:\/\/carpejenn.com\/wp-content\/uploads\/2023\/07\/Capture-decran-2023-07-21-a-15.52.08-764x1024.png 764w, https:\/\/carpejenn.com\/wp-content\/uploads\/2023\/07\/Capture-decran-2023-07-21-a-15.52.08-224x300.png 224w, https:\/\/carpejenn.com\/wp-content\/uploads\/2023\/07\/Capture-decran-2023-07-21-a-15.52.08-768x1030.png 768w, https:\/\/carpejenn.com\/wp-content\/uploads\/2023\/07\/Capture-decran-2023-07-21-a-15.52.08.png 904w\" sizes=\"(max-width: 764px) 100vw, 764px\" \/><\/figure>\n<\/figure>\n\n\n\n<p>Pour la temp\u00e9rature de l\u2019eau, c\u2019est toi et ta chance car elle est directement li\u00e9e \u00e0 la source d\u2019eau chaude. Selon la p\u00e9riode de l\u2019ann\u00e9e, \u00e7a varie entre 10 et 30 degr\u00e9s. La piscine est nettoy\u00e9e une fois par an (je ne sais pas exactement quand). Quand nous y sommes all\u00e9es, il y avait pas mal de mousse qui s\u2019\u00e9tait accumul\u00e9e au fond du bassin donc c\u2019\u00e9tait assez glissant. Pense&nbsp;\u00e0 prendre des chaussures d\u2019eau&nbsp;et ta serviette. Des cabines sont \u00e0 disposition pour se changer.<\/p>\n\n\n\n<p>Une fois que t\u2019as fini la baignade, il faut absolument que tu ailles \u00e0 la cascade <strong>Skogafoos <\/strong>qui se trouve \u00e0 un petit quart d\u2019heure de la piscine. Apr\u00e8s la piscine on \u00e9tait vraiment crev\u00e9es, on avait juste envie de prendre la route mais on s\u2019est dit naaaan, la flemme est notre ennemie : ON-Y-VA&nbsp;!<\/p>\n\n\n\n<p>Et bah tu sais quoi\u2026 <strong>Skogafoos <\/strong>est l\u2019endroit que j\u2019ai pr\u00e9f\u00e9r\u00e9 de tout le s\u00e9jour. Cette cascade est magique. Elle est tr\u00e8s haute (60 m\u00e8tres) et ce qui la rend magique c\u2019est que tu peux litt\u00e9ralement marcher jusqu\u2019\u00e0 \u00eatre pile dessous. Le sol totalement plat et calme (pas de rocher, pad de courant, RRRR) tranche avec la grandeur et la force de la cascade,  et ce contrastre la rend magique.<\/p>\n\n\n\n<figure class=\"wp-block-gallery has-nested-images columns-default is-cropped wp-block-gallery-9 is-layout-flex wp-block-gallery-is-layout-flex\">\n<figure class=\"wp-block-image size-large\"><img loading=\"lazy\" decoding=\"async\" width=\"683\" height=\"1024\" data-id=\"5118\" src=\"https:\/\/carpejenn.com\/wp-content\/uploads\/2023\/07\/IMG_8918-683x1024.jpeg\" alt=\"\" class=\"wp-image-5118\" srcset=\"https:\/\/carpejenn.com\/wp-content\/uploads\/2023\/07\/IMG_8918-683x1024.jpeg 683w, https:\/\/carpejenn.com\/wp-content\/uploads\/2023\/07\/IMG_8918-200x300.jpeg 200w, https:\/\/carpejenn.com\/wp-content\/uploads\/2023\/07\/IMG_8918-768x1152.jpeg 768w, https:\/\/carpejenn.com\/wp-content\/uploads\/2023\/07\/IMG_8918-1024x1536.jpeg 1024w, https:\/\/carpejenn.com\/wp-content\/uploads\/2023\/07\/IMG_8918-1365x2048.jpeg 1365w, https:\/\/carpejenn.com\/wp-content\/uploads\/2023\/07\/IMG_8918-scaled.jpeg 1707w\" sizes=\"(max-width: 683px) 100vw, 683px\" \/><\/figure>\n\n\n\n<figure class=\"wp-block-image size-large\"><img loading=\"lazy\" decoding=\"async\" width=\"683\" height=\"1024\" data-id=\"5119\" src=\"https:\/\/carpejenn.com\/wp-content\/uploads\/2023\/07\/IMG_8925-683x1024.jpeg\" alt=\"\" class=\"wp-image-5119\" srcset=\"https:\/\/carpejenn.com\/wp-content\/uploads\/2023\/07\/IMG_8925-683x1024.jpeg 683w, https:\/\/carpejenn.com\/wp-content\/uploads\/2023\/07\/IMG_8925-200x300.jpeg 200w, https:\/\/carpejenn.com\/wp-content\/uploads\/2023\/07\/IMG_8925-768x1152.jpeg 768w, https:\/\/carpejenn.com\/wp-content\/uploads\/2023\/07\/IMG_8925-1024x1536.jpeg 1024w, https:\/\/carpejenn.com\/wp-content\/uploads\/2023\/07\/IMG_8925-1365x2048.jpeg 1365w, https:\/\/carpejenn.com\/wp-content\/uploads\/2023\/07\/IMG_8925-scaled.jpeg 1707w\" sizes=\"(max-width: 683px) 100vw, 683px\" \/><\/figure>\n<\/figure>\n\n\n\n<p>Puis trajet de 3h15 (il \u00e9tait dur celui-l\u00e0 apr\u00e8s la journ\u00e9e qu&#8217;on a pass\u00e9e) vers&nbsp;:<\/p>\n\n\n\n<h3 class=\"has-text-align-center has-pale-cyan-blue-background-color has-background wp-block-heading\"><strong>ETAPE 5 : J\u00f6kuls\u00e1rl\u00f3n<\/strong> (<strong>Ice lagoon et Diamond beach<\/strong>)<\/h3>\n\n\n\n<ul class=\"wp-block-list\">\n<li>1 nuit du 6 au 7 juillet<\/li>\n\n\n\n<li>Guesthouse<a href=\"https:\/\/www.booking.com\/hotel\/is\/guesthouse-skalafell.fr.html?aid=311089&amp;label=vagnsstaoir-hi-hostel-Fwl*1kkfW4FxeWRFbrx5qgS630529991186%3Apl%3Ata%3Ap1%3Ap2%3Aac%3Aap%3Aneg%3Afi%3Atikwd-353141650688%3Alp1006094%3Ali%3Adec%3Adm%3Appccp%3DUmFuZG9tSVYkc2RlIyh9YWiN3YY6Tdistu3PpCLSviE&amp;sid=f1a37f2b0fa2d8cb7c496413e19892ba&amp;all_sr_blocks=41952101_344793298_2_1_0&amp;checkin=2023-07-06&amp;checkout=2023-07-07&amp;dist=0&amp;group_adults=2&amp;group_children=0&amp;hapos=1&amp;highlighted_blocks=41952101_344793298_2_1_0&amp;hpos=1&amp;matching_block_id=41952101_344793298_2_1_0&amp;no_rooms=1&amp;req_adults=2&amp;req_children=0&amp;room1=A%2CA&amp;sb_price_type=total&amp;sr_order=distance_from_search&amp;sr_pri_blocks=41952101_344793298_2_1_0__22110&amp;srepoch=1687121939&amp;srpvid=0d8b9388d4d800c6&amp;type=total&amp;ucfs=1&amp;activeTab=main\"> Sk\u00e1lafell <\/a>221\u20ac<\/li>\n<\/ul>\n\n\n\n<p>Le nom \u00ab&nbsp;Diamond beach&nbsp;\u00bb fait r\u00e9f\u00e9rence aux gros rochers de glace venus du Ice lagoon (\u00e0 quelques m\u00e8tres) qui s\u2019\u00e9chouent sur la plage de sable noir de J\u00f6kuls\u00e1rl\u00f3n. Le contraste entre le sable noir et ces gros rochers de glace est vraiment saisissant. J\u2019\u00e9tais assez sceptique lorsque j\u2019ai lu qu\u2019il \u00e9tait possible de voir ces &#8220;diamants&#8221; en \u00e9t\u00e9 (mais ils ont pas fondu&nbsp;?) mais \u00e7a c\u2019\u00e9tait avant de comprendre que l\u2019\u00e9t\u00e9 en Islande c\u2019est 15\u00b0C.<\/p>\n\n\n\n<figure class=\"wp-block-gallery has-nested-images columns-default is-cropped wp-block-gallery-10 is-layout-flex wp-block-gallery-is-layout-flex\">\n<figure class=\"wp-block-image size-large\"><img loading=\"lazy\" decoding=\"async\" width=\"683\" height=\"1024\" data-id=\"5121\" src=\"https:\/\/carpejenn.com\/wp-content\/uploads\/2023\/07\/IMG_9022-683x1024.jpeg\" alt=\"\" class=\"wp-image-5121\" srcset=\"https:\/\/carpejenn.com\/wp-content\/uploads\/2023\/07\/IMG_9022-683x1024.jpeg 683w, https:\/\/carpejenn.com\/wp-content\/uploads\/2023\/07\/IMG_9022-200x300.jpeg 200w, https:\/\/carpejenn.com\/wp-content\/uploads\/2023\/07\/IMG_9022-768x1152.jpeg 768w, https:\/\/carpejenn.com\/wp-content\/uploads\/2023\/07\/IMG_9022-1024x1536.jpeg 1024w, https:\/\/carpejenn.com\/wp-content\/uploads\/2023\/07\/IMG_9022-1365x2048.jpeg 1365w, https:\/\/carpejenn.com\/wp-content\/uploads\/2023\/07\/IMG_9022-scaled.jpeg 1707w\" sizes=\"(max-width: 683px) 100vw, 683px\" \/><\/figure>\n\n\n\n<figure class=\"wp-block-image size-large\"><img loading=\"lazy\" decoding=\"async\" width=\"809\" height=\"1024\" data-id=\"5129\" src=\"https:\/\/carpejenn.com\/wp-content\/uploads\/2023\/07\/Capture-decran-2023-07-21-a-16.14.19-809x1024.png\" alt=\"\" class=\"wp-image-5129\" srcset=\"https:\/\/carpejenn.com\/wp-content\/uploads\/2023\/07\/Capture-decran-2023-07-21-a-16.14.19-809x1024.png 809w, https:\/\/carpejenn.com\/wp-content\/uploads\/2023\/07\/Capture-decran-2023-07-21-a-16.14.19-237x300.png 237w, https:\/\/carpejenn.com\/wp-content\/uploads\/2023\/07\/Capture-decran-2023-07-21-a-16.14.19-768x972.png 768w, https:\/\/carpejenn.com\/wp-content\/uploads\/2023\/07\/Capture-decran-2023-07-21-a-16.14.19.png 1108w\" sizes=\"(max-width: 809px) 100vw, 809px\" \/><\/figure>\n<\/figure>\n\n\n\n<p>Le Ice lagoon est magnifique \u00e0 regarder. C\u2019\u00e9tait la premi\u00e8re fois que je voyais des glaciers d\u2019aussi pr\u00e8s, c\u2019\u00e9tait assez f\u00e9\u00e9rique. Cerise sur le g\u00e2teau, nous avons m\u00eame eu la chance de voir un couple de phoques qui se baladait par l\u00e0.<\/p>\n\n\n\n<figure class=\"wp-block-gallery has-nested-images columns-default is-cropped wp-block-gallery-11 is-layout-flex wp-block-gallery-is-layout-flex\">\n<figure class=\"wp-block-image size-large\"><img loading=\"lazy\" decoding=\"async\" width=\"1024\" height=\"746\" data-id=\"5122\" src=\"https:\/\/carpejenn.com\/wp-content\/uploads\/2023\/07\/Capture-decran-2023-07-21-a-16.04.22-1024x746.png\" alt=\"\" class=\"wp-image-5122\" srcset=\"https:\/\/carpejenn.com\/wp-content\/uploads\/2023\/07\/Capture-decran-2023-07-21-a-16.04.22-1024x746.png 1024w, https:\/\/carpejenn.com\/wp-content\/uploads\/2023\/07\/Capture-decran-2023-07-21-a-16.04.22-300x218.png 300w, https:\/\/carpejenn.com\/wp-content\/uploads\/2023\/07\/Capture-decran-2023-07-21-a-16.04.22-768x559.png 768w, https:\/\/carpejenn.com\/wp-content\/uploads\/2023\/07\/Capture-decran-2023-07-21-a-16.04.22-1536x1118.png 1536w, https:\/\/carpejenn.com\/wp-content\/uploads\/2023\/07\/Capture-decran-2023-07-21-a-16.04.22.png 1640w\" sizes=\"(max-width: 1024px) 100vw, 1024px\" \/><\/figure>\n\n\n\n<figure class=\"wp-block-image size-large\"><img loading=\"lazy\" decoding=\"async\" width=\"788\" height=\"1024\" data-id=\"5123\" src=\"https:\/\/carpejenn.com\/wp-content\/uploads\/2023\/07\/Capture-decran-2023-07-21-a-16.05.25-788x1024.png\" alt=\"\" class=\"wp-image-5123\" srcset=\"https:\/\/carpejenn.com\/wp-content\/uploads\/2023\/07\/Capture-decran-2023-07-21-a-16.05.25-788x1024.png 788w, https:\/\/carpejenn.com\/wp-content\/uploads\/2023\/07\/Capture-decran-2023-07-21-a-16.05.25-231x300.png 231w, https:\/\/carpejenn.com\/wp-content\/uploads\/2023\/07\/Capture-decran-2023-07-21-a-16.05.25-768x999.png 768w, https:\/\/carpejenn.com\/wp-content\/uploads\/2023\/07\/Capture-decran-2023-07-21-a-16.05.25.png 1086w\" sizes=\"(max-width: 788px) 100vw, 788px\" \/><\/figure>\n<\/figure>\n\n\n\n<figure class=\"wp-block-image size-large\"><img loading=\"lazy\" decoding=\"async\" width=\"1024\" height=\"766\" src=\"https:\/\/carpejenn.com\/wp-content\/uploads\/2023\/07\/Capture-decran-2023-07-21-a-16.14.55-1024x766.png\" alt=\"\" class=\"wp-image-5126\" srcset=\"https:\/\/carpejenn.com\/wp-content\/uploads\/2023\/07\/Capture-decran-2023-07-21-a-16.14.55-1024x766.png 1024w, https:\/\/carpejenn.com\/wp-content\/uploads\/2023\/07\/Capture-decran-2023-07-21-a-16.14.55-300x224.png 300w, https:\/\/carpejenn.com\/wp-content\/uploads\/2023\/07\/Capture-decran-2023-07-21-a-16.14.55-768x575.png 768w, https:\/\/carpejenn.com\/wp-content\/uploads\/2023\/07\/Capture-decran-2023-07-21-a-16.14.55.png 1494w\" sizes=\"(max-width: 1024px) 100vw, 1024px\" \/><\/figure>\n\n\n\n<p>Puis trajet de 5h30 (le plus violent&nbsp;&#x1f921; &#x1f921; &#x1f921; )&nbsp;vers&nbsp;:<\/p>\n\n\n\n<h3 class=\"has-text-align-center has-pale-cyan-blue-background-color has-background wp-block-heading\"><strong>ETAPE 6 : Lagon bleu de M\u00fdvatn<\/strong><\/h3>\n\n\n\n<ul class=\"wp-block-list\">\n<li>1 nuit du 7 au 8 juillet<\/li>\n\n\n\n<li>H\u00f4tel&nbsp;Berjaya Iceland Hotels 313\u20ac<\/li>\n<\/ul>\n\n\n\n<p>Le plus c\u00e9l\u00e8bre lagon de l\u2019Islande est Blue Lagoon. Sauf que c\u2019est aussi le plus touristique et il coute 200\u20ac minimum par personne. Si tu n\u2019es pas press\u00e9 et que tu as pr\u00e9vu d\u2019aller dans le Nord-Est, laisse tomber le blue lagoon et vas plut\u00f4t aux bains de <a href=\"https:\/\/myvatnnaturebaths.is\/\" target=\"_blank\" rel=\"noopener\" title=\"\">M\u00fdvatn<\/a>. L\u2019entr\u00e9e coute 55\u20ac (pense \u00e0 r\u00e9server ton cr\u00e9neau en amont) et tu peux profiter des trois piscines naturelles \u00e0 diff\u00e9rentes temp\u00e9ratures. Le seul inconv\u00e9nient de l\u2019endroit pour les narines sensibles est l\u2019odeur de soufre qui se d\u00e9gage des collines voisines. Je ne sais pas si c\u2019est aussi le cas au blue lagoon.<\/p>\n\n\n\n<figure class=\"wp-block-gallery has-nested-images columns-default is-cropped wp-block-gallery-12 is-layout-flex wp-block-gallery-is-layout-flex\">\n<figure class=\"wp-block-image size-large\"><img loading=\"lazy\" decoding=\"async\" width=\"745\" height=\"1024\" data-id=\"5124\" src=\"https:\/\/carpejenn.com\/wp-content\/uploads\/2023\/07\/Capture-decran-2023-07-21-a-16.09.12-745x1024.png\" alt=\"\" class=\"wp-image-5124\" srcset=\"https:\/\/carpejenn.com\/wp-content\/uploads\/2023\/07\/Capture-decran-2023-07-21-a-16.09.12-745x1024.png 745w, https:\/\/carpejenn.com\/wp-content\/uploads\/2023\/07\/Capture-decran-2023-07-21-a-16.09.12-218x300.png 218w, https:\/\/carpejenn.com\/wp-content\/uploads\/2023\/07\/Capture-decran-2023-07-21-a-16.09.12-768x1056.png 768w, https:\/\/carpejenn.com\/wp-content\/uploads\/2023\/07\/Capture-decran-2023-07-21-a-16.09.12.png 848w\" sizes=\"(max-width: 745px) 100vw, 745px\" \/><\/figure>\n\n\n\n<figure class=\"wp-block-image size-large\"><img loading=\"lazy\" decoding=\"async\" width=\"693\" height=\"1024\" data-id=\"5125\" src=\"https:\/\/carpejenn.com\/wp-content\/uploads\/2023\/07\/Capture-decran-2023-07-21-a-16.09.20-693x1024.png\" alt=\"\" class=\"wp-image-5125\" srcset=\"https:\/\/carpejenn.com\/wp-content\/uploads\/2023\/07\/Capture-decran-2023-07-21-a-16.09.20-693x1024.png 693w, https:\/\/carpejenn.com\/wp-content\/uploads\/2023\/07\/Capture-decran-2023-07-21-a-16.09.20-203x300.png 203w, https:\/\/carpejenn.com\/wp-content\/uploads\/2023\/07\/Capture-decran-2023-07-21-a-16.09.20-768x1136.png 768w, https:\/\/carpejenn.com\/wp-content\/uploads\/2023\/07\/Capture-decran-2023-07-21-a-16.09.20.png 840w\" sizes=\"(max-width: 693px) 100vw, 693px\" \/><\/figure>\n<\/figure>\n\n\n\n<p>A faire dans le coin :<\/p>\n\n\n\n<ul class=\"wp-block-list\">\n<li>Restaurant <a href=\"https:\/\/www.vogafjosfarmresort.is\/en\/service\/menu\" target=\"_blank\" rel=\"noopener\" title=\"\">vogafjos<\/a> : On a tellement kiff\u00e9 qu&#8217;on y est all\u00e9es deux fois.<\/li>\n\n\n\n<li>Volcan Hverfjall : On est rest\u00e9es en bas, trop claqu\u00e9es pour faire l&#8217;ascension. <\/li>\n<\/ul>\n\n\n\n<figure class=\"wp-block-gallery has-nested-images columns-default is-cropped wp-block-gallery-13 is-layout-flex wp-block-gallery-is-layout-flex\">\n<figure class=\"wp-block-image size-large\"><img loading=\"lazy\" decoding=\"async\" width=\"708\" height=\"954\" data-id=\"5128\" src=\"https:\/\/carpejenn.com\/wp-content\/uploads\/2023\/07\/Capture-decran-2023-07-21-a-16.17.38.png\" alt=\"\" class=\"wp-image-5128\" srcset=\"https:\/\/carpejenn.com\/wp-content\/uploads\/2023\/07\/Capture-decran-2023-07-21-a-16.17.38.png 708w, https:\/\/carpejenn.com\/wp-content\/uploads\/2023\/07\/Capture-decran-2023-07-21-a-16.17.38-223x300.png 223w\" sizes=\"(max-width: 708px) 100vw, 708px\" \/><\/figure>\n\n\n\n<figure class=\"wp-block-image size-large\"><img loading=\"lazy\" decoding=\"async\" width=\"702\" height=\"952\" data-id=\"5127\" src=\"https:\/\/carpejenn.com\/wp-content\/uploads\/2023\/07\/Capture-decran-2023-07-21-a-16.17.47.png\" alt=\"\" class=\"wp-image-5127\" srcset=\"https:\/\/carpejenn.com\/wp-content\/uploads\/2023\/07\/Capture-decran-2023-07-21-a-16.17.47.png 702w, https:\/\/carpejenn.com\/wp-content\/uploads\/2023\/07\/Capture-decran-2023-07-21-a-16.17.47-221x300.png 221w\" sizes=\"(max-width: 702px) 100vw, 702px\" \/><\/figure>\n<\/figure>\n\n\n\n<p>Puis 1h15 de trajet vers  :<\/p>\n\n\n\n<h3 class=\"has-text-align-center has-pale-cyan-blue-background-color has-background wp-block-heading\"><strong>ETAPE 7 : Akureyri<\/strong><\/h3>\n\n\n\n<ul class=\"wp-block-list\">\n<li>1 nuit du 8 au 9 juillet<\/li>\n\n\n\n<li>H\u00f4tel&nbsp;<a href=\"https:\/\/www.booking.com\/hotel\/is\/kjarnalundur.fr.html\" target=\"_blank\" rel=\"noopener\" title=\"\">Kjamalundur<\/a> 166\u20ac<\/li>\n<\/ul>\n\n\n\n<p>Je ne recommande vraiment pas cet h\u00f4tel. La qualit\u00e9 n\u2019\u00e9tait vraiment pas au rendez-vous. Les photos sur booking ne sont pas conformes. Les prises murales sont bricol\u00e9es, les oreillers sont de mauvaise qualit\u00e9, la d\u00e9coration flippante avec des animaux empal\u00e9s PARTOUT. J\u2019ai largement pr\u00e9f\u00e9r\u00e9 les guesthouses qui \u00e9taient moins chers et plus confortables.<\/p>\n\n\n\n<p>Pour arriver \u00e0 Akureyri en venant de M\u00fdvatn, tu emprunteras un tunnel payant. Tu ne peux pas le louper, c\u2019est \u00e9crit en gros que c\u2019est payant dans plusieurs langues. Pour payer les 11\u20ac il faut se rendre sur <a href=\"https:\/\/mitt.veggjald.is\/purchaseVehicleTicket?language=en\" target=\"_blank\" rel=\"noopener\" title=\"\">tunnel.is<\/a> . Tu peux payer soit dans les 24h avant ou dans les 24h apr\u00e8s ton passage .Les plaques d\u2019immatriculation sont scann\u00e9es, si tu ne le fais pas tu auras une amende de 30\u20ac.<\/p>\n\n\n\n<p>Sinon, la ville d\u2019Akureyri est sympa mais ce n\u2019est pas n\u00e9cessaire d\u2019y rester plus d\u2019une journ\u00e9e. Mignonneries de la ville&nbsp;: tous les feux rouges sont en forme de c\u0153ur et le soleil de minuit (le cr\u00e9puscule dure toute la nuit) est \u00e0 admirer depuis le lac&nbsp;: les couleurs qui se refl\u00e8tent dans l\u2019eau c\u2019est juste trooop &#x1f60d;<\/p>\n\n\n\n<figure class=\"wp-block-gallery has-nested-images columns-default is-cropped wp-block-gallery-14 is-layout-flex wp-block-gallery-is-layout-flex\">\n<figure class=\"wp-block-image size-large\"><img loading=\"lazy\" decoding=\"async\" width=\"763\" height=\"1024\" data-id=\"5130\" src=\"https:\/\/carpejenn.com\/wp-content\/uploads\/2023\/07\/Capture-decran-2023-07-21-a-16.26.23-763x1024.png\" alt=\"\" class=\"wp-image-5130\" srcset=\"https:\/\/carpejenn.com\/wp-content\/uploads\/2023\/07\/Capture-decran-2023-07-21-a-16.26.23-763x1024.png 763w, https:\/\/carpejenn.com\/wp-content\/uploads\/2023\/07\/Capture-decran-2023-07-21-a-16.26.23-223x300.png 223w, https:\/\/carpejenn.com\/wp-content\/uploads\/2023\/07\/Capture-decran-2023-07-21-a-16.26.23-768x1031.png 768w, https:\/\/carpejenn.com\/wp-content\/uploads\/2023\/07\/Capture-decran-2023-07-21-a-16.26.23.png 876w\" sizes=\"(max-width: 763px) 100vw, 763px\" \/><\/figure>\n\n\n\n<figure class=\"wp-block-image size-large\"><img loading=\"lazy\" decoding=\"async\" width=\"754\" height=\"1024\" data-id=\"5131\" src=\"https:\/\/carpejenn.com\/wp-content\/uploads\/2023\/07\/Capture-decran-2023-07-21-a-16.27.15-754x1024.png\" alt=\"\" class=\"wp-image-5131\" srcset=\"https:\/\/carpejenn.com\/wp-content\/uploads\/2023\/07\/Capture-decran-2023-07-21-a-16.27.15-754x1024.png 754w, https:\/\/carpejenn.com\/wp-content\/uploads\/2023\/07\/Capture-decran-2023-07-21-a-16.27.15-221x300.png 221w, https:\/\/carpejenn.com\/wp-content\/uploads\/2023\/07\/Capture-decran-2023-07-21-a-16.27.15-768x1042.png 768w, https:\/\/carpejenn.com\/wp-content\/uploads\/2023\/07\/Capture-decran-2023-07-21-a-16.27.15.png 862w\" sizes=\"(max-width: 754px) 100vw, 754px\" \/><\/figure>\n\n\n\n<figure class=\"wp-block-image size-large\"><img loading=\"lazy\" decoding=\"async\" width=\"786\" height=\"1024\" data-id=\"5132\" src=\"https:\/\/carpejenn.com\/wp-content\/uploads\/2023\/07\/Capture-decran-2023-07-21-a-16.27.31-786x1024.png\" alt=\"\" class=\"wp-image-5132\" srcset=\"https:\/\/carpejenn.com\/wp-content\/uploads\/2023\/07\/Capture-decran-2023-07-21-a-16.27.31-786x1024.png 786w, https:\/\/carpejenn.com\/wp-content\/uploads\/2023\/07\/Capture-decran-2023-07-21-a-16.27.31-230x300.png 230w, https:\/\/carpejenn.com\/wp-content\/uploads\/2023\/07\/Capture-decran-2023-07-21-a-16.27.31-768x1001.png 768w, https:\/\/carpejenn.com\/wp-content\/uploads\/2023\/07\/Capture-decran-2023-07-21-a-16.27.31.png 1116w\" sizes=\"(max-width: 786px) 100vw, 786px\" \/><\/figure>\n<\/figure>\n\n\n\n<figure class=\"wp-block-image size-large\"><img loading=\"lazy\" decoding=\"async\" width=\"1024\" height=\"764\" src=\"https:\/\/carpejenn.com\/wp-content\/uploads\/2023\/07\/Capture-decran-2023-07-21-a-16.27.57-1024x764.png\" alt=\"\" class=\"wp-image-5133\" srcset=\"https:\/\/carpejenn.com\/wp-content\/uploads\/2023\/07\/Capture-decran-2023-07-21-a-16.27.57-1024x764.png 1024w, https:\/\/carpejenn.com\/wp-content\/uploads\/2023\/07\/Capture-decran-2023-07-21-a-16.27.57-300x224.png 300w, https:\/\/carpejenn.com\/wp-content\/uploads\/2023\/07\/Capture-decran-2023-07-21-a-16.27.57-768x573.png 768w, https:\/\/carpejenn.com\/wp-content\/uploads\/2023\/07\/Capture-decran-2023-07-21-a-16.27.57.png 1450w\" sizes=\"(max-width: 1024px) 100vw, 1024px\" \/><\/figure>\n\n\n\n<p>Pendant que tu es dans le coin, il faut visiter le mus\u00e9e des lauf\u00e1s, maisons traditionnelles islandaises. Le mus\u00e9e est en plein air tu peux rentrer dans les maisons. Les d\u00e9cors interieurs sont la r\u00e9plique exacte de ceux des maisons originelles. Le ticket d\u2019entr\u00e9e coute 15\u20ac par personne.<\/p>\n\n\n\n<figure class=\"wp-block-gallery has-nested-images columns-default is-cropped wp-block-gallery-15 is-layout-flex wp-block-gallery-is-layout-flex\">\n<figure class=\"wp-block-image size-large\"><img loading=\"lazy\" decoding=\"async\" width=\"747\" height=\"1024\" data-id=\"5134\" src=\"https:\/\/carpejenn.com\/wp-content\/uploads\/2023\/07\/Capture-decran-2023-07-21-a-16.30.02-747x1024.png\" alt=\"\" class=\"wp-image-5134\" srcset=\"https:\/\/carpejenn.com\/wp-content\/uploads\/2023\/07\/Capture-decran-2023-07-21-a-16.30.02-747x1024.png 747w, https:\/\/carpejenn.com\/wp-content\/uploads\/2023\/07\/Capture-decran-2023-07-21-a-16.30.02-219x300.png 219w, https:\/\/carpejenn.com\/wp-content\/uploads\/2023\/07\/Capture-decran-2023-07-21-a-16.30.02-768x1053.png 768w, https:\/\/carpejenn.com\/wp-content\/uploads\/2023\/07\/Capture-decran-2023-07-21-a-16.30.02.png 872w\" sizes=\"(max-width: 747px) 100vw, 747px\" \/><\/figure>\n\n\n\n<figure class=\"wp-block-image size-large\"><img loading=\"lazy\" decoding=\"async\" width=\"762\" height=\"1024\" data-id=\"5136\" src=\"https:\/\/carpejenn.com\/wp-content\/uploads\/2023\/07\/Capture-decran-2023-07-21-a-16.30.37-762x1024.png\" alt=\"\" class=\"wp-image-5136\" srcset=\"https:\/\/carpejenn.com\/wp-content\/uploads\/2023\/07\/Capture-decran-2023-07-21-a-16.30.37-762x1024.png 762w, https:\/\/carpejenn.com\/wp-content\/uploads\/2023\/07\/Capture-decran-2023-07-21-a-16.30.37-223x300.png 223w, https:\/\/carpejenn.com\/wp-content\/uploads\/2023\/07\/Capture-decran-2023-07-21-a-16.30.37-768x1033.png 768w, https:\/\/carpejenn.com\/wp-content\/uploads\/2023\/07\/Capture-decran-2023-07-21-a-16.30.37.png 900w\" sizes=\"(max-width: 762px) 100vw, 762px\" \/><\/figure>\n\n\n\n<figure class=\"wp-block-image size-large\"><img loading=\"lazy\" decoding=\"async\" width=\"772\" height=\"1024\" data-id=\"5135\" src=\"https:\/\/carpejenn.com\/wp-content\/uploads\/2023\/07\/Capture-decran-2023-07-21-a-16.30.52-772x1024.png\" alt=\"\" class=\"wp-image-5135\" srcset=\"https:\/\/carpejenn.com\/wp-content\/uploads\/2023\/07\/Capture-decran-2023-07-21-a-16.30.52-772x1024.png 772w, https:\/\/carpejenn.com\/wp-content\/uploads\/2023\/07\/Capture-decran-2023-07-21-a-16.30.52-226x300.png 226w, https:\/\/carpejenn.com\/wp-content\/uploads\/2023\/07\/Capture-decran-2023-07-21-a-16.30.52-768x1019.png 768w, https:\/\/carpejenn.com\/wp-content\/uploads\/2023\/07\/Capture-decran-2023-07-21-a-16.30.52.png 1108w\" sizes=\"(max-width: 772px) 100vw, 772px\" \/><\/figure>\n<\/figure>\n\n\n\n<p><\/p>\n\n\n\n<p>Restaurant sympa d&#8217;Akureyri&nbsp;: Le brunch <a href=\"https:\/\/www.ketilkaffi.is\/\" target=\"_blank\" rel=\"noopener\" title=\"\">Ketilkaffi<\/a>. C&#8217;est un peu cher mais c&#8217;\u00e9tait tr\u00e8s bon, surtout le caf\u00e9 Kahlo <\/p>\n\n\n\n<figure class=\"wp-block-image size-large\"><img loading=\"lazy\" decoding=\"async\" width=\"1024\" height=\"780\" src=\"https:\/\/carpejenn.com\/wp-content\/uploads\/2023\/07\/Capture-decran-2023-07-21-a-16.37.15-1024x780.png\" alt=\"\" class=\"wp-image-5138\" srcset=\"https:\/\/carpejenn.com\/wp-content\/uploads\/2023\/07\/Capture-decran-2023-07-21-a-16.37.15-1024x780.png 1024w, https:\/\/carpejenn.com\/wp-content\/uploads\/2023\/07\/Capture-decran-2023-07-21-a-16.37.15-300x228.png 300w, https:\/\/carpejenn.com\/wp-content\/uploads\/2023\/07\/Capture-decran-2023-07-21-a-16.37.15-768x585.png 768w, https:\/\/carpejenn.com\/wp-content\/uploads\/2023\/07\/Capture-decran-2023-07-21-a-16.37.15.png 1384w\" sizes=\"(max-width: 1024px) 100vw, 1024px\" \/><\/figure>\n\n\n\n<p><\/p>\n\n\n\n<p>Puis trajet de 3h30 vers&nbsp;:<\/p>\n\n\n\n<h3 class=\"has-text-align-center has-pale-cyan-blue-background-color has-background wp-block-heading\"><strong>ETAPE 8 : <\/strong><strong>H<\/strong><strong>v\u00edtserkur<\/strong><\/h3>\n\n\n\n<ul class=\"wp-block-list\">\n<li>1 nuit du 9 au 10 juillet<\/li>\n\n\n\n<li>Guesthouse : <a href=\"https:\/\/www.booking.com\/hotel\/is\/sveitasetrid-gauksmyri.fr.html?aid=311089&amp;label=vagnsstaoir-hi-hostel-Fwl%2A1kkfW4FxeWRFbrx5qgS630529991186%3Apl%3Ata%3Ap1%3Ap2%3Aac%3Aap%3Aneg%3Afi%3Atikwd-353141650688%3Alp1006094%3Ali%3Adec%3Adm%3Appccp%3DUmFuZG9tSVYkc2RlIyh9YWiN3YY6Tdistu3PpCLSviE&amp;sid=f1a37f2b0fa2d8cb7c496413e19892ba&amp;all_sr_blocks=795079401_339594074_2_1_0;checkin=2023-07-09;checkout=2023-07-10;dest_id=7950794;dest_type=hotel;dist=0;group_adults=2;group_children=0;hapos=1;highlighted_blocks=795079401_339594074_2_1_0;hpos=1;matching_block_id=795079401_339594074_2_1_0;no_rooms=1;req_adults=2;req_children=0;room1=A%2CA;sb_price_type=total;sr_order=popularity;sr_pri_blocks=795079401_339594074_2_1_0__15732;srepoch=1688511820;srpvid=306da225fdc40033;type=total;ucfs=1&amp;#hotelTmpl\">Gauksm\u00fdri guesthouse&nbsp;<\/a>157\u20ac<\/li>\n<\/ul>\n\n\n\n<p>Cette \u00e9tape c\u2019\u00e9tait surtout pour se reposer et ne pas avoir \u00e0 se farcir 6 heures de route d\u2019un coup jusqu\u2019\u00e0 Reykjavik. La guesthouse \u00e9tait vraiment sympa, je recommande. Dans les environs il y a une petite attraction naturelle sympa \u00e0 voir&nbsp;: le rocher de <strong>H<\/strong><strong>v\u00edtserkur <\/strong>qui ressemble \u00e9trangement \u00e0 un animal. Tu vois lequel&nbsp;?<\/p>\n\n\n\n<figure class=\"wp-block-gallery has-nested-images columns-default is-cropped wp-block-gallery-16 is-layout-flex wp-block-gallery-is-layout-flex\">\n<figure class=\"wp-block-image size-large\"><img loading=\"lazy\" decoding=\"async\" width=\"850\" height=\"1022\" data-id=\"5139\" src=\"https:\/\/carpejenn.com\/wp-content\/uploads\/2023\/07\/Capture-decran-2023-07-21-a-16.40.41.png\" alt=\"\" class=\"wp-image-5139\" srcset=\"https:\/\/carpejenn.com\/wp-content\/uploads\/2023\/07\/Capture-decran-2023-07-21-a-16.40.41.png 850w, https:\/\/carpejenn.com\/wp-content\/uploads\/2023\/07\/Capture-decran-2023-07-21-a-16.40.41-250x300.png 250w, https:\/\/carpejenn.com\/wp-content\/uploads\/2023\/07\/Capture-decran-2023-07-21-a-16.40.41-768x923.png 768w\" sizes=\"(max-width: 850px) 100vw, 850px\" \/><\/figure>\n\n\n\n<figure class=\"wp-block-image size-large\"><img loading=\"lazy\" decoding=\"async\" width=\"812\" height=\"1024\" data-id=\"5140\" src=\"https:\/\/carpejenn.com\/wp-content\/uploads\/2023\/07\/Capture-decran-2023-07-21-a-16.41.53-812x1024.png\" alt=\"\" class=\"wp-image-5140\" srcset=\"https:\/\/carpejenn.com\/wp-content\/uploads\/2023\/07\/Capture-decran-2023-07-21-a-16.41.53-812x1024.png 812w, https:\/\/carpejenn.com\/wp-content\/uploads\/2023\/07\/Capture-decran-2023-07-21-a-16.41.53-238x300.png 238w, https:\/\/carpejenn.com\/wp-content\/uploads\/2023\/07\/Capture-decran-2023-07-21-a-16.41.53-768x968.png 768w, https:\/\/carpejenn.com\/wp-content\/uploads\/2023\/07\/Capture-decran-2023-07-21-a-16.41.53.png 1104w\" sizes=\"(max-width: 812px) 100vw, 812px\" \/><\/figure>\n<\/figure>\n\n\n\n<h3 class=\"has-text-align-center has-pale-cyan-blue-background-color has-background wp-block-heading\"><strong>ETAPE 9&nbsp;: Retour \u00e0 Reykjavik<\/strong><\/h3>\n\n\n\n<ul class=\"wp-block-list\">\n<li>2 nuit du 10 au 12 juillet<\/li>\n\n\n\n<li>Hotel&nbsp;: Blue Montains apartments 362\u20ac, c&#8217;est le m\u00eame qu&#8217;en d\u00e9but de s\u00e9jour . On avait bien aim\u00e9 cet h\u00f4tel et on voulait finir sur une bonne note, donc pas de prise de risque, on a rebook\u00e9 le m\u00eame (va savoir pourquoi c\u2019\u00e9tait moins cher qu\u2019au d\u00e9but)&nbsp;!<\/li>\n<\/ul>\n\n\n\n<p>Pendant ces 48 heures restantes, nous avons pris le temps de visiter ce que nous n\u2019avions pas pu visiter au d\u00e9but du voyage&nbsp;:<\/p>\n\n\n\n<ul class=\"wp-block-list\">\n<li>\u00fe\u00fafa hill&nbsp;: Une installation artistique en plein air<\/li>\n\n\n\n<li>Statue the unknown bureaucrat<\/li>\n\n\n\n<li>La cath\u00e9drale Christ Roi<\/li>\n\n\n\n<li>Le jardin botanique<\/li>\n<\/ul>\n\n\n\n<figure class=\"wp-block-gallery has-nested-images columns-default is-cropped wp-block-gallery-17 is-layout-flex wp-block-gallery-is-layout-flex\">\n<figure class=\"wp-block-image size-large\"><img loading=\"lazy\" decoding=\"async\" width=\"686\" height=\"894\" data-id=\"5143\" src=\"https:\/\/carpejenn.com\/wp-content\/uploads\/2023\/07\/Capture-decran-2023-07-21-a-16.56.40.png\" alt=\"\" class=\"wp-image-5143\" srcset=\"https:\/\/carpejenn.com\/wp-content\/uploads\/2023\/07\/Capture-decran-2023-07-21-a-16.56.40.png 686w, https:\/\/carpejenn.com\/wp-content\/uploads\/2023\/07\/Capture-decran-2023-07-21-a-16.56.40-230x300.png 230w\" sizes=\"(max-width: 686px) 100vw, 686px\" \/><figcaption class=\"wp-element-caption\">\u00fe\u00fafa hill<\/figcaption><\/figure>\n\n\n\n<figure class=\"wp-block-image size-large\"><img loading=\"lazy\" decoding=\"async\" width=\"674\" height=\"916\" data-id=\"5144\" src=\"https:\/\/carpejenn.com\/wp-content\/uploads\/2023\/07\/Capture-decran-2023-07-21-a-16.56.32.png\" alt=\"\" class=\"wp-image-5144\" srcset=\"https:\/\/carpejenn.com\/wp-content\/uploads\/2023\/07\/Capture-decran-2023-07-21-a-16.56.32.png 674w, https:\/\/carpejenn.com\/wp-content\/uploads\/2023\/07\/Capture-decran-2023-07-21-a-16.56.32-221x300.png 221w\" sizes=\"(max-width: 674px) 100vw, 674px\" \/><figcaption class=\"wp-element-caption\">The unknown bureaucrat<\/figcaption><\/figure>\n<\/figure>\n\n\n\n<p><\/p>\n\n\n\n<p>Les bains chauds <a href=\"https:\/\/www.skylagoon.com\/?gclid=Cj0KCQjw2eilBhCCARIsAG0Pf8tAE3Nrj06sJoUiEBkzRnDVDdYHZsDr9bqlCe3bVYDzNWGpqApQXFcaAojPEALw_wcB\" target=\"_blank\" rel=\"noopener\" title=\"\">Sky lagoon<\/a> :<\/p>\n\n\n\n<p>J&#8217;ai kiff\u00e9 cet endroit, m\u00eame si c&#8217;est un lagon compl\u00e8tement artificiel, il est bel et bien aliment\u00e9 par une source d&#8217;eau chaude naturelle. Boire un passionfruit martini en admirant le coucher de soleil dans l&#8217;eau c&#8217;\u00e9tait juste magiiiique. <\/p>\n\n\n\n<figure class=\"wp-block-gallery has-nested-images columns-default is-cropped wp-block-gallery-18 is-layout-flex wp-block-gallery-is-layout-flex\">\n<figure class=\"wp-block-image size-large\"><img loading=\"lazy\" decoding=\"async\" width=\"763\" height=\"1024\" data-id=\"5145\" src=\"https:\/\/carpejenn.com\/wp-content\/uploads\/2023\/07\/Capture-decran-2023-07-21-a-17.01.05-763x1024.png\" alt=\"\" class=\"wp-image-5145\" srcset=\"https:\/\/carpejenn.com\/wp-content\/uploads\/2023\/07\/Capture-decran-2023-07-21-a-17.01.05-763x1024.png 763w, https:\/\/carpejenn.com\/wp-content\/uploads\/2023\/07\/Capture-decran-2023-07-21-a-17.01.05-223x300.png 223w, https:\/\/carpejenn.com\/wp-content\/uploads\/2023\/07\/Capture-decran-2023-07-21-a-17.01.05-768x1031.png 768w, https:\/\/carpejenn.com\/wp-content\/uploads\/2023\/07\/Capture-decran-2023-07-21-a-17.01.05.png 788w\" sizes=\"(max-width: 763px) 100vw, 763px\" \/><\/figure>\n\n\n\n<figure class=\"wp-block-image size-large\"><img loading=\"lazy\" decoding=\"async\" width=\"761\" height=\"1024\" data-id=\"5146\" src=\"https:\/\/carpejenn.com\/wp-content\/uploads\/2023\/07\/Capture-decran-2023-07-21-a-17.02.04-761x1024.png\" alt=\"\" class=\"wp-image-5146\" srcset=\"https:\/\/carpejenn.com\/wp-content\/uploads\/2023\/07\/Capture-decran-2023-07-21-a-17.02.04-761x1024.png 761w, https:\/\/carpejenn.com\/wp-content\/uploads\/2023\/07\/Capture-decran-2023-07-21-a-17.02.04-223x300.png 223w, https:\/\/carpejenn.com\/wp-content\/uploads\/2023\/07\/Capture-decran-2023-07-21-a-17.02.04-768x1033.png 768w, https:\/\/carpejenn.com\/wp-content\/uploads\/2023\/07\/Capture-decran-2023-07-21-a-17.02.04.png 794w\" sizes=\"(max-width: 761px) 100vw, 761px\" \/><\/figure>\n<\/figure>\n\n\n\n<p>A une heure de Reykjavik, nous avons \u00e9galement visit\u00e9 deux sites trop beaux (on \u00e9tait tr\u00e8s contentes de finir sur une note aussi positive) :<\/p>\n\n\n\n<ul class=\"wp-block-list\">\n<li>Br\u00faar\u00e1rfoss waterfalls <\/li>\n\n\n\n<li>Le volcan Keri\u00f0 : tr\u00e8s facile d&#8217;acc\u00e8s, le parking est situ\u00e9 en haut du crat\u00e8re dont on peut faire tout le tour avant de descendre au coeur du volcan, o\u00f9 un joli lac s&#8217;est tranquillement install\u00e9. <\/li>\n<\/ul>\n\n\n\n<figure class=\"wp-block-gallery has-nested-images columns-default is-cropped wp-block-gallery-19 is-layout-flex wp-block-gallery-is-layout-flex\">\n<figure class=\"wp-block-image size-large\"><img loading=\"lazy\" decoding=\"async\" width=\"801\" height=\"1024\" data-id=\"5148\" src=\"https:\/\/carpejenn.com\/wp-content\/uploads\/2023\/07\/Capture-decran-2023-07-21-a-17.08.55-801x1024.png\" alt=\"\" class=\"wp-image-5148\" srcset=\"https:\/\/carpejenn.com\/wp-content\/uploads\/2023\/07\/Capture-decran-2023-07-21-a-17.08.55-801x1024.png 801w, https:\/\/carpejenn.com\/wp-content\/uploads\/2023\/07\/Capture-decran-2023-07-21-a-17.08.55-235x300.png 235w, https:\/\/carpejenn.com\/wp-content\/uploads\/2023\/07\/Capture-decran-2023-07-21-a-17.08.55-768x982.png 768w, https:\/\/carpejenn.com\/wp-content\/uploads\/2023\/07\/Capture-decran-2023-07-21-a-17.08.55.png 876w\" sizes=\"(max-width: 801px) 100vw, 801px\" \/><figcaption class=\"wp-element-caption\">Br\u00faar\u00e1rfoss<\/figcaption><\/figure>\n\n\n\n<figure class=\"wp-block-image size-large\"><img loading=\"lazy\" decoding=\"async\" width=\"809\" height=\"1024\" data-id=\"5149\" src=\"https:\/\/carpejenn.com\/wp-content\/uploads\/2023\/07\/Capture-decran-2023-07-21-a-17.09.03-809x1024.png\" alt=\"\" class=\"wp-image-5149\" srcset=\"https:\/\/carpejenn.com\/wp-content\/uploads\/2023\/07\/Capture-decran-2023-07-21-a-17.09.03-809x1024.png 809w, https:\/\/carpejenn.com\/wp-content\/uploads\/2023\/07\/Capture-decran-2023-07-21-a-17.09.03-237x300.png 237w, https:\/\/carpejenn.com\/wp-content\/uploads\/2023\/07\/Capture-decran-2023-07-21-a-17.09.03-768x973.png 768w, https:\/\/carpejenn.com\/wp-content\/uploads\/2023\/07\/Capture-decran-2023-07-21-a-17.09.03.png 878w\" sizes=\"(max-width: 809px) 100vw, 809px\" \/><figcaption class=\"wp-element-caption\">Keri\u00f0<\/figcaption><\/figure>\n\n\n\n<figure class=\"wp-block-image size-large\"><img loading=\"lazy\" decoding=\"async\" width=\"669\" height=\"1024\" data-id=\"5147\" src=\"https:\/\/carpejenn.com\/wp-content\/uploads\/2023\/07\/Capture-decran-2023-07-21-a-17.09.09-669x1024.png\" alt=\"\" class=\"wp-image-5147\" srcset=\"https:\/\/carpejenn.com\/wp-content\/uploads\/2023\/07\/Capture-decran-2023-07-21-a-17.09.09-669x1024.png 669w, https:\/\/carpejenn.com\/wp-content\/uploads\/2023\/07\/Capture-decran-2023-07-21-a-17.09.09-196x300.png 196w, https:\/\/carpejenn.com\/wp-content\/uploads\/2023\/07\/Capture-decran-2023-07-21-a-17.09.09.png 730w\" sizes=\"(max-width: 669px) 100vw, 669px\" \/><figcaption class=\"wp-element-caption\">Keri\u00f0<\/figcaption><\/figure>\n<\/figure>\n\n\n\n<hr class=\"wp-block-separator has-alpha-channel-opacity is-style-dots\"\/>\n\n\n\n<p>Et c&#8217;est fini !!!! Je crois que je n&#8217;ai jamais \u00e9crit un article aussi long, et pourtant j&#8217;ai essay\u00e9 d&#8217;\u00eatre le plus synth\u00e9tique possible. L&#8217;Islande est un pays vraiment magnifique, et je pense que nous avons d\u00fb voir 50%. Et cela, sans compter qu&#8217;en hiver, les paysages qu&#8217;on a vu sont totalement diff\u00e9rents dans la neige, la glace et le froid. Et surtout, il y a les aurores bor\u00e9ales ! Y aura-t-il un deuxi\u00e8me voyage en Islande dans les prochaines ann\u00e9es ? &#x1f440;<\/p>\n\n\n\n<p>Si tu as des questions, n&#8217;h\u00e9site pas \u00e0 me les poser en commentaire &#x1f447;&#x1f3ff;<\/p>\n","protected":false},"excerpt":{"rendered":"<p>Le voyage le plus improbable de ces cinq derni\u00e8res ann\u00e9es ! L\u2019Islande n\u2019\u00e9tait pas du tout sur ma bucket list de voyages, et pourtant apr\u00e8s avoir visiter le pays, il est rentr\u00e9 direct dans le top 5 de mes voyages pr\u00e9f\u00e9r\u00e9s avec Les Philippines, le Costa Rica, Oman, et la Cor\u00e9e du sud. Le tour [&hellip;]<\/p>\n","protected":false},"author":2,"featured_media":5152,"comment_status":"open","ping_status":"open","sticky":false,"template":"","format":"standard","meta":{"om_disable_all_campaigns":false,"_exactmetrics_skip_tracking":false,"_exactmetrics_sitenote_active":false,"_exactmetrics_sitenote_note":"","_exactmetrics_sitenote_category":0,"footnotes":""},"categories":[57,58,4],"tags":[145,144,26,147,149,146,148,10,142,143],"class_list":["post-5086","post","type-post","status-publish","format-standard","has-post-thumbnail","hentry","category-europe","category-tous-les-voyages","category-voyages","tag-blog-iceland","tag-blog-islande","tag-carpejenn","tag-roadtrip-iceland","tag-roadtrip-islande","tag-summer-iceland","tag-tour-de-lislande","tag-voyage","tag-voyage-islande","tag-voyage-islande-ete"],"aioseo_notices":[],"_links":{"self":[{"href":"https:\/\/carpejenn.com\/index.php\/wp-json\/wp\/v2\/posts\/5086"}],"collection":[{"href":"https:\/\/carpejenn.com\/index.php\/wp-json\/wp\/v2\/posts"}],"about":[{"href":"https:\/\/carpejenn.com\/index.php\/wp-json\/wp\/v2\/types\/post"}],"author":[{"embeddable":true,"href":"https:\/\/carpejenn.com\/index.php\/wp-json\/wp\/v2\/users\/2"}],"replies":[{"embeddable":true,"href":"https:\/\/carpejenn.com\/index.php\/wp-json\/wp\/v2\/comments?post=5086"}],"version-history":[{"count":42,"href":"https:\/\/carpejenn.com\/index.php\/wp-json\/wp\/v2\/posts\/5086\/revisions"}],"predecessor-version":[{"id":5192,"href":"https:\/\/carpejenn.com\/index.php\/wp-json\/wp\/v2\/posts\/5086\/revisions\/5192"}],"wp:featuredmedia":[{"embeddable":true,"href":"https:\/\/carpejenn.com\/index.php\/wp-json\/wp\/v2\/media\/5152"}],"wp:attachment":[{"href":"https:\/\/carpejenn.com\/index.php\/wp-json\/wp\/v2\/media?parent=5086"}],"wp:term":[{"taxonomy":"category","embeddable":true,"href":"https:\/\/carpejenn.com\/index.php\/wp-json\/wp\/v2\/categories?post=5086"},{"taxonomy":"post_tag","embeddable":true,"href":"https:\/\/carpejenn.com\/index.php\/wp-json\/wp\/v2\/tags?post=5086"}],"curies":[{"name":"wp","href":"https:\/\/api.w.org\/{rel}","templated":true}]}}