{"id":5276,"date":"2024-03-10T11:48:52","date_gmt":"2024-03-10T10:48:52","guid":{"rendered":"https:\/\/carpejenn.com\/?p=5276"},"modified":"2024-03-10T12:12:24","modified_gmt":"2024-03-10T11:12:24","slug":"african-fashion-week-2024-a-paris","status":"publish","type":"post","link":"https:\/\/carpejenn.com\/index.php\/cultures-africaines\/african-fashion-week-2024-a-paris\/","title":{"rendered":"Fashion Week Africa 2024 \u00e0 Paris"},"content":{"rendered":"\n<p>Direction Paris, 10\/18 rue des Terres au Cur\u00e9 pour cet \u00e9v\u00e9nement ! Pour la vid\u00e9o, <a href=\"https:\/\/www.instagram.com\/reel\/C4VMuIxqKvd\/?utm_source=ig_web_copy_link&amp;igsh=MzRlODBiNWFlZA==\" target=\"_blank\" rel=\"noopener\" title=\"\">c&#8217;est par ici <\/a>!<\/p>\n\n\n\n<p>J&#8217;ai trouv\u00e9 le nom de l&#8217;\u00e9v\u00e9nement un peu r\u00e9ducteur car il ne met en valeur que la partie d\u00e9fil\u00e9 alors que cette journ\u00e9e, c&#8217;\u00e9tait bien plus que \u00e7\u00e0 ! Le lieu \u00e9tait compos\u00e9 de trois espaces :<\/p>\n\n\n\n<h2 class=\"wp-block-heading\">Espace 1 : le march\u00e9 des artisans <\/h2>\n\n\n\n<p>C&#8217;est l&#8217;espace que j&#8217;ai pr\u00e9f\u00e9r\u00e9 ! Que ce soit les cosm\u00e9tiques, les bijoux, le pr\u00eat-\u00e0-porter, les librairies&#8230; en ce qui concerne les marques africaines, j&#8217;\u00e9tais s\u00fbre de d\u00e9j\u00e0 conna\u00eetre la majorit\u00e9 de celles disponibles sur le march\u00e9 fran\u00e7ais. Cet espace m&#8217;a prouv\u00e9 le contraire ! J&#8217;ai \u00e9t\u00e9 agr\u00e9ablement surprise de me rendre compte que je ne connaissais aucune des marques pr\u00e9sentes, ce qui est g\u00e9nial car \u00e7a montre que le march\u00e9 des produits aux origines africaines ne cesse de se d\u00e9velopper. <\/p>\n\n\n\n<figure class=\"wp-block-gallery has-nested-images columns-default is-cropped wp-block-gallery-1 is-layout-flex wp-block-gallery-is-layout-flex\">\n<figure class=\"wp-block-image size-large\"><img loading=\"lazy\" decoding=\"async\" width=\"595\" height=\"481\" data-id=\"5278\" src=\"https:\/\/carpejenn.com\/wp-content\/uploads\/2024\/03\/coiffes.png\" alt=\"\" class=\"wp-image-5278\" srcset=\"https:\/\/carpejenn.com\/wp-content\/uploads\/2024\/03\/coiffes.png 595w, https:\/\/carpejenn.com\/wp-content\/uploads\/2024\/03\/coiffes-300x243.png 300w\" sizes=\"(max-width: 595px) 100vw, 595px\" \/><\/figure>\n\n\n\n<figure class=\"wp-block-image size-large\"><img loading=\"lazy\" decoding=\"async\" width=\"593\" height=\"462\" data-id=\"5279\" src=\"https:\/\/carpejenn.com\/wp-content\/uploads\/2024\/03\/Malan-1.png\" alt=\"\" class=\"wp-image-5279\" srcset=\"https:\/\/carpejenn.com\/wp-content\/uploads\/2024\/03\/Malan-1.png 593w, https:\/\/carpejenn.com\/wp-content\/uploads\/2024\/03\/Malan-1-300x234.png 300w\" sizes=\"(max-width: 593px) 100vw, 593px\" \/><\/figure>\n<\/figure>\n\n\n\n<p><strong>Mes coups de &#x2665;&#xfe0f; parmi marques pr\u00e9sentes :<\/strong><\/p>\n\n\n\n<p><a href=\"https:\/\/malanparis.com\/fr\" target=\"_blank\" rel=\"noopener\" title=\"\">Malan<\/a> : la marque propose des cosm\u00e9tiques \u00e0 base de beurre de karit\u00e9, agr\u00e9ablement parfum\u00e9s, mais \u00e9galement des eaux de toilette et eaux de parfums (qui sentent tr\u00e8s bon), des bougies, des savons et des articles pour la maison.<\/p>\n\n\n\n<p><a href=\"https:\/\/www.instagram.com\/p\/C4C7Yw3ARIq\/\" target=\"_blank\" rel=\"noopener\" title=\"\">Utadjiri Tanou<\/a> : A tous les amoureux des bagues en bronze, Utadjiri a des mod\u00e8les incroyables ! gros coup de coeur pour les bagues masques et le collier peigne. <\/p>\n\n\n\n<p><a href=\"https:\/\/www.instagram.com\/jojo.creation_79\/\" target=\"_blank\" rel=\"noopener\" title=\"\">Jojo Cr\u00e9ation<\/a> : Les bracelets blancs avec les motifs en bronze qu&#8217;on voit dans la vid\u00e9o et la longue coiffe en coris, c&#8217;est elle ! Bonne nouvelle, une vente priv\u00e9e est pr\u00e9vue pour la fin du mois dans un espace d\u00e9di\u00e9 \u00e0 Ch\u00e2telet, si vous \u00eates int\u00e9ress\u00e9s, envoyez-lui un DM !<\/p>\n\n\n\n<p>BdjessHair : C&#8217;est la cr\u00e9atrice des chapeaux traditionnels africains (ont-ils un nom particulier?). Son r\u00e9f\u00e9rencement internet n&#8217;est pas tr\u00e8s bon, je n&#8217;ai trouv\u00e9 aucun de ses r\u00e9seaux sociaux, mais si vous souhaitez la contacter, l&#8217;adresse de sa boutique c&#8217;est Jessica Baradji &#8211; <em>37 rue Paul Signac Villeneuve la Garenne.<\/em><\/p>\n\n\n\n<h2 class=\"wp-block-heading\">Espace 2 : la restauration<\/h2>\n\n\n\n<p>J&#8217;ai trouv\u00e9 l&#8217;espace vraiment petit, les stands \u00e9taient tout serr\u00e9s et l&#8217;a\u00e9ration pas au point. Plus de &#x1f51f; minutes dans cet espace et vous ressortez avec les odeurs de friture dans les v\u00eatements et les cheveux. Par contre sur la qualit\u00e9 des prestations, rien \u00e0 dire ! On a eu de la vari\u00e9t\u00e9 tant dans les plats que dans les pays repr\u00e9sent\u00e9s. <\/p>\n\n\n\n<p><strong>Mon gros coup de coeur <\/strong>: <a href=\"https:\/\/www.instagram.com\/prestige_chocolat\/?hl=fr\" target=\"_blank\" rel=\"noopener\" title=\"\">PRESTIGE CHOCOLAT<\/a><\/p>\n\n\n\n<p><strong>Le chardonnay au cacao <\/strong>: Pour moi, c&#8217;\u00e9tait le produit le plus original de toute le salon ! En passant devant le stand, j&#8217;ai fait la fine bouche &#x1f923; &#8220;non madame je n&#8217;ai pas envie de gouter&#8221; mais heureusement c&#8217;\u00e9tait une tr\u00e8s bonne commerciale et elle a insist\u00e9 en m&#8217;assurant que je serais vraiment surprise. Elle n&#8217;a pas menti ! Sur le papier, l&#8217;id\u00e9e parait \u00e9trange mais le cacao et le chardonnay se marient tr\u00e8s tr\u00e8s bien ! Le packaging est aussi joli et de bonne qualit\u00e9. Je suis partie du salon avec quelques bouteilles pour offrir \u00e0 mes proches, c&#8217;est un cadeau original et cette marque m\u00e9rite d&#8217;\u00eatre d\u00e9couverte par le plus grand nombre !<\/p>\n\n\n\n<h2 class=\"wp-block-heading\">Espace 3 : le d\u00e9fil\u00e9<\/h2>\n\n\n\n<p>L&#8217;organisation \u00e9tait franchement mauvaise. La salle \u00e9tait beaucoup trop petite pour le nombre de personnes. La majorit\u00e9 des gens (dont je faisais partie) \u00e9tait debout. R\u00e9flexe que j&#8217;ai \u00e0 chaque fois que je fais un salon : je rep\u00e8re les sorties d&#8217;urgence. Et franchement j&#8217;ai eu une sueur froide quand j&#8217;ai vu que les deux sorties avaient \u00e9t\u00e9 condamn\u00e9es pour gagner de l&#8217;espace. Avec le monde et la chaleur, je me suis dit que si quelqu&#8217;un faisait un malaise o\u00f9 qu&#8217;un mouvement de foule avait lieu, \u00e7a allait mal finir. Le d\u00e9fil\u00e9 a commenc\u00e9 avec plus d&#8217;une heure et demi de retard (temps pendant lequel nous \u00e9tions debout dans une chaleur difficilement supportable &#x1f630;). Avec Hilary, nous avons juste regard\u00e9 le premier d\u00e9fil\u00e9, qui \u00e9tait magnifique, avant de d\u00e9cider de quitter la pi\u00e8ce.<\/p>\n\n\n\n<figure class=\"wp-block-image size-full\"><img loading=\"lazy\" decoding=\"async\" width=\"745\" height=\"410\" src=\"https:\/\/carpejenn.com\/wp-content\/uploads\/2024\/03\/defile.png\" alt=\"\" class=\"wp-image-5280\" srcset=\"https:\/\/carpejenn.com\/wp-content\/uploads\/2024\/03\/defile.png 745w, https:\/\/carpejenn.com\/wp-content\/uploads\/2024\/03\/defile-300x165.png 300w\" sizes=\"(max-width: 745px) 100vw, 745px\" \/><\/figure>\n\n\n\n<figure class=\"wp-block-image size-large\"><img loading=\"lazy\" decoding=\"async\" width=\"1024\" height=\"591\" src=\"https:\/\/carpejenn.com\/wp-content\/uploads\/2024\/03\/defile2-1024x591.png\" alt=\"\" class=\"wp-image-5281\" srcset=\"https:\/\/carpejenn.com\/wp-content\/uploads\/2024\/03\/defile2-1024x591.png 1024w, https:\/\/carpejenn.com\/wp-content\/uploads\/2024\/03\/defile2-300x173.png 300w, https:\/\/carpejenn.com\/wp-content\/uploads\/2024\/03\/defile2-768x443.png 768w, https:\/\/carpejenn.com\/wp-content\/uploads\/2024\/03\/defile2.png 1197w\" sizes=\"(max-width: 1024px) 100vw, 1024px\" \/><\/figure>\n\n\n\n<h2 class=\"wp-block-heading\">Le mot de la fin<\/h2>\n\n\n\n<p>Pour l&#8217;organisation g\u00e9n\u00e9rale je donne <strong>6,5\/10<\/strong>. Le lieu n&#8217;\u00e9tait pas tr\u00e8s adapt\u00e9, ou alors ils ont vendu beaucoup trop de tickets. L&#8217;espace restauration n&#8217;\u00e9tait pas adapt\u00e9 non plus (ni pour la cuisine, ni pour les personnes souhaitant d\u00e9guster les plats sur place).<\/p>\n\n\n\n<p>Par contre, si je ne dois regarder que le contenu, c&#8217;est un <strong>9\/10<\/strong> ! J&#8217;ai appr\u00e9ci\u00e9 tous les stands qui \u00e9taient vraiment diversifi\u00e9s, et le (seul) d\u00e9fil\u00e9 auquel j&#8217;ai particip\u00e9 m&#8217;a vraiment \u00e9merveill\u00e9e.<\/p>\n\n\n\n<p class=\"has-vivid-green-cyan-color has-text-color has-link-color wp-elements-dd851b7ab2667dd4ac44edea190db17c\"><strong>Je garde en t\u00eate que c&#8217;\u00e9tait la premi\u00e8re \u00e9dition, et je suis s\u00fbre que l&#8217;ann\u00e9e prochaine ce sera encore mieux !<\/strong><\/p>\n","protected":false},"excerpt":{"rendered":"<p>Direction Paris, 10\/18 rue des Terres au Cur\u00e9 pour cet \u00e9v\u00e9nement ! Pour la vid\u00e9o, c&#8217;est par ici ! J&#8217;ai trouv\u00e9 le nom de l&#8217;\u00e9v\u00e9nement un peu r\u00e9ducteur car il ne met en valeur que la partie d\u00e9fil\u00e9 alors que cette journ\u00e9e, c&#8217;\u00e9tait bien plus que \u00e7\u00e0 ! Le lieu \u00e9tait compos\u00e9 de trois espaces [&hellip;]<\/p>\n","protected":false},"author":2,"featured_media":5280,"comment_status":"open","ping_status":"open","sticky":false,"template":"","format":"standard","meta":{"om_disable_all_campaigns":false,"_exactmetrics_skip_tracking":false,"_exactmetrics_sitenote_active":false,"_exactmetrics_sitenote_note":"","_exactmetrics_sitenote_category":0,"footnotes":""},"categories":[62,3,63],"tags":[26,157,156,155],"class_list":["post-5276","post","type-post","status-publish","format-standard","has-post-thumbnail","hentry","category-au-quotidien","category-cultures-africaines","category-tous-les-articles-culture-africaine","tag-carpejenn","tag-cultures-africaines","tag-diaspora-africaine-paris","tag-fashion-week-africa"],"aioseo_notices":[],"_links":{"self":[{"href":"https:\/\/carpejenn.com\/index.php\/wp-json\/wp\/v2\/posts\/5276"}],"collection":[{"href":"https:\/\/carpejenn.com\/index.php\/wp-json\/wp\/v2\/posts"}],"about":[{"href":"https:\/\/carpejenn.com\/index.php\/wp-json\/wp\/v2\/types\/post"}],"author":[{"embeddable":true,"href":"https:\/\/carpejenn.com\/index.php\/wp-json\/wp\/v2\/users\/2"}],"replies":[{"embeddable":true,"href":"https:\/\/carpejenn.com\/index.php\/wp-json\/wp\/v2\/comments?post=5276"}],"version-history":[{"count":3,"href":"https:\/\/carpejenn.com\/index.php\/wp-json\/wp\/v2\/posts\/5276\/revisions"}],"predecessor-version":[{"id":5285,"href":"https:\/\/carpejenn.com\/index.php\/wp-json\/wp\/v2\/posts\/5276\/revisions\/5285"}],"wp:featuredmedia":[{"embeddable":true,"href":"https:\/\/carpejenn.com\/index.php\/wp-json\/wp\/v2\/media\/5280"}],"wp:attachment":[{"href":"https:\/\/carpejenn.com\/index.php\/wp-json\/wp\/v2\/media?parent=5276"}],"wp:term":[{"taxonomy":"category","embeddable":true,"href":"https:\/\/carpejenn.com\/index.php\/wp-json\/wp\/v2\/categories?post=5276"},{"taxonomy":"post_tag","embeddable":true,"href":"https:\/\/carpejenn.com\/index.php\/wp-json\/wp\/v2\/tags?post=5276"}],"curies":[{"name":"wp","href":"https:\/\/api.w.org\/{rel}","templated":true}]}}