{"id":5549,"date":"2025-04-09T12:40:42","date_gmt":"2025-04-09T10:40:42","guid":{"rendered":"https:\/\/carpejenn.com\/?p=5549"},"modified":"2025-04-09T12:50:43","modified_gmt":"2025-04-09T10:50:43","slug":"athenes-le-temps-dun-weekend","status":"publish","type":"post","link":"https:\/\/carpejenn.com\/index.php\/voyages\/athenes-le-temps-dun-weekend\/","title":{"rendered":"Ath\u00e8nes, le temps d&#8217;un weekend"},"content":{"rendered":"\n<p>\u00c7a fait un petit moment que je n\u2019ai pas \u00e9crit d\u2019articles sur ce blog\u2026 et pour cause, mon activit\u00e9 photo fra\u00eechement lanc\u00e9e me prend beaucoup de temps et d\u2019\u00e9nergie, m\u00eame si \u00e7a reste passionnant. Je t\u2019invite d\u2019ailleurs \u00e0 faire un tour <a href=\"https:\/\/www.kayajenn.com\/\" target=\"_blank\" rel=\"noopener\" title=\"\">sur mon site photo<\/a> pour voir mon travail &#x1f4f8;<\/p>\n\n\n\n<p>En attendant, entrons dans le vif du sujet&nbsp;: Ath\u00e8nes&nbsp;! C\u2019est la troisi\u00e8me fois que je viens en Gr\u00e8ce (1<sup>\u00e8re<\/sup> fois \u00e0 Santorin, et 2<sup>\u00e8me<\/sup> fois <a href=\"https:\/\/carpejenn.com\/index.php\/voyages\/que-faire-en-8-jours-en-crete\/\" title=\"\">en Cr\u00e8te<\/a>). Ath\u00e8nes n\u2019est pas une ville que j\u2019envisageais de faire un jour, et j\u2019y suis all\u00e9e plus par concours de circonstances que par souhait premier. Mon retour d\u2019exp\u00e9rience \u00e0 chaud&nbsp;: cette ville a \u00e9t\u00e9 une belle d\u00e9couverte et j\u2019y retournai avec plaisir pour finir de d\u00e9couvrir ses merveilles &#x2728; M\u00eame si un weekend c\u2019est court (j\u2019y ai \u00e9t\u00e9 de vendredi \u00e0 dimanche), c\u2019est d\u00e9j\u00e0 pas mal pour voir l\u2019essentiel.<\/p>\n\n\n\n<p>Aussi incroyable que cela puisse para\u00eetre, j\u2019ai eu le temps de faire toutes les activit\u00e9s list\u00e9es ci-dessous en trois jours (et sans courir).<\/p>\n\n\n\n<h2 class=\"wp-block-heading\">L\u2019acropole<\/h2>\n\n\n\n<p>Si tu ne dois faire qu\u2019une seule activit\u00e9 \u00e0 Ath\u00e8nes, je pense que toutes les personnes \u00e0 qui tu pourras demander seront d\u2019accord pour dire qu\u2019il faut faire l\u2019acropole.<\/p>\n\n\n\n<figure class=\"wp-block-image size-large\"><img loading=\"lazy\" decoding=\"async\" width=\"1024\" height=\"681\" src=\"https:\/\/carpejenn.com\/wp-content\/uploads\/2025\/04\/Parthenon-acropole-1024x681.png\" alt=\"\" class=\"wp-image-5551\" srcset=\"https:\/\/carpejenn.com\/wp-content\/uploads\/2025\/04\/Parthenon-acropole-1024x681.png 1024w, https:\/\/carpejenn.com\/wp-content\/uploads\/2025\/04\/Parthenon-acropole-300x199.png 300w, https:\/\/carpejenn.com\/wp-content\/uploads\/2025\/04\/Parthenon-acropole-768x511.png 768w, https:\/\/carpejenn.com\/wp-content\/uploads\/2025\/04\/Parthenon-acropole.png 1426w\" sizes=\"(max-width: 1024px) 100vw, 1024px\" \/><\/figure>\n\n\n\n<p>Situ\u00e9e \u00e0 156 m\u00e8tres au-dessus du niveau de la ville, l\u2019acropole est lieu riche en Histoire. 4 grands temples et d&#8217;autres secondaires d\u00e9di\u00e9s \u00e0 diff\u00e9rents dieux de la mythologie y ont \u00e9t\u00e9 b\u00e2tis pendant l&#8217;Antiquit\u00e9 :<\/p>\n\n\n\n<ul class=\"wp-block-list\">\n<li>Les Propyl\u00e9es &#8211; Pas d\u00e9di\u00e9 \u00e0 une divinit\u00e9 en particulier, c\u2019est l\u2019entr\u00e9e monumentale de l\u2019Acropole.<\/li>\n\n\n\n<li>Le Parth\u00e9non d\u00e9di\u00e9 \u00e0 Ath\u00e9na<\/li>\n\n\n\n<li>L&#8217;\u00c9rechth\u00e9ion d\u00e9di\u00e9 \u00e0 Ath\u00e9na et Pos\u00e9idon<\/li>\n\n\n\n<li>Le temple d&#8217;Ath\u00e9na Nik\u00e8 (&#8220;Nik\u00e8&#8221; insiste sur l&#8217;attribut de victoire)<\/li>\n\n\n\n<li>Le sanctuaire d\u2019Art\u00e9mis Brauronia<\/li>\n\n\n\n<li>Le th\u00e9\u00e2tre de Dionysos<\/li>\n\n\n\n<li>Le sanctuaire d\u2019Ascl\u00e9pios<\/li>\n<\/ul>\n\n\n\n<figure class=\"wp-block-gallery has-nested-images columns-default is-cropped wp-block-gallery-1 is-layout-flex wp-block-gallery-is-layout-flex\">\n<figure class=\"wp-block-image size-large\"><img loading=\"lazy\" decoding=\"async\" width=\"669\" height=\"1024\" data-id=\"5552\" src=\"https:\/\/carpejenn.com\/wp-content\/uploads\/2025\/04\/visite-acropole-carpjenn.com_-669x1024.png\" alt=\"\" class=\"wp-image-5552\" srcset=\"https:\/\/carpejenn.com\/wp-content\/uploads\/2025\/04\/visite-acropole-carpjenn.com_-669x1024.png 669w, https:\/\/carpejenn.com\/wp-content\/uploads\/2025\/04\/visite-acropole-carpjenn.com_-196x300.png 196w, https:\/\/carpejenn.com\/wp-content\/uploads\/2025\/04\/visite-acropole-carpjenn.com_-768x1176.png 768w, https:\/\/carpejenn.com\/wp-content\/uploads\/2025\/04\/visite-acropole-carpjenn.com_.png 980w\" sizes=\"(max-width: 669px) 100vw, 669px\" \/><\/figure>\n\n\n\n<figure class=\"wp-block-image size-large\"><img loading=\"lazy\" decoding=\"async\" width=\"700\" height=\"1024\" data-id=\"5553\" src=\"https:\/\/carpejenn.com\/wp-content\/uploads\/2025\/04\/visite-acropole-carpjenn.com-2-700x1024.png\" alt=\"\" class=\"wp-image-5553\" srcset=\"https:\/\/carpejenn.com\/wp-content\/uploads\/2025\/04\/visite-acropole-carpjenn.com-2-700x1024.png 700w, https:\/\/carpejenn.com\/wp-content\/uploads\/2025\/04\/visite-acropole-carpjenn.com-2-205x300.png 205w, https:\/\/carpejenn.com\/wp-content\/uploads\/2025\/04\/visite-acropole-carpjenn.com-2-768x1123.png 768w, https:\/\/carpejenn.com\/wp-content\/uploads\/2025\/04\/visite-acropole-carpjenn.com-2.png 1022w\" sizes=\"(max-width: 700px) 100vw, 700px\" \/><\/figure>\n<\/figure>\n\n\n\n<p>Le monde a l\u2019entr\u00e9e peut \u00eatre impressionnant mais la logistique est bien r\u00f4d\u00e9e. L\u2019entr\u00e9e se fait par cr\u00e9neaux horaires, ce qui permet de drainer le flux de personnes. Une fois l\u00e0-haut, la colline est tellement vaste qu\u2019il y a de la place pour tout le monde, on ne se marche pas dessus.<\/p>\n\n\n\n<p><strong>Mon conseil<\/strong>&nbsp;: ach\u00e8te ton billet en amont car la queue sur place peut \u00eatre longue (avril est la basse saison et il y avait d\u00e9j\u00e0 du monde). J\u2019ai achet\u00e9 mon billet <a href=\"https:\/\/www.acropolis-tickets.com\/fr\/?_gl=1*1qnrjv8*_gcl_aw*R0NMLjE3NDMxMDI5MjguQ2p3S0NBanc3cE9fQmhBbEVpd0E0cE1RdkplTEdFb2QyaUpfdzZNUkVqVm9MSDlLSmpzZHdCTVgxdTIyWW9oZUN3TkZOekdHQV95eEVSb0NrajhRQXZEX0J3RQ..*_gcl_au*MjAxMDgyODAyOS4xNzQzMTAyOTI4*_ga*MzY4MTU1MDc0LjE3NDMxMDI5Mjg.*_ga_Y45PC9R73C*MTc0NDE0ODI0OS40LjAuMTc0NDE0ODI0OS42MC4wLjA.\" target=\"_blank\" rel=\"noopener\" title=\"\">sur le site officiel<\/a>, et j\u2019ai pris la formule avec l\u2019audioguide qui \u00e9tait tr\u00e8s pratique&nbsp;: pour chaque monument, tu as entre 1 et 3 audios de max 3 minutes qui te r\u00e9sument les infos principales (pense \u00e0 prendre tes \u00e9couteurs).<\/p>\n\n\n\n<h2 class=\"wp-block-heading\">Le mus\u00e9e de l\u2019acropole<\/h2>\n\n\n\n<p>Situ\u00e9 au pied de l\u2019acropole (pratique), c\u2019est pas mal de coupler cette visite avec l\u2019acropole. L\u2019entr\u00e9e co\u00fbte 20 euros pour les adultes, et un guide audio gratuit est disponible via un QR code. J\u2019ai mis environ 1h15 pour visiter les 4 niveaux. La partie qui m\u2019a le plus surprise et impressionn\u00e9e \u00e9tait l\u2019ensemble des statues qui repr\u00e9sentaient une sc\u00e8ne connue de la mythologique (sc\u00e8ne que je ne connaissais pas)\u00a0:<strong> la naissance d\u2019Ath\u00e9na.<\/strong><\/p>\n\n\n\n<figure class=\"wp-block-image size-large\"><img loading=\"lazy\" decoding=\"async\" width=\"1024\" height=\"675\" src=\"https:\/\/carpejenn.com\/wp-content\/uploads\/2025\/04\/La-naissance-dathena-carpejenn.com_-1024x675.png\" alt=\"\" class=\"wp-image-5554\" srcset=\"https:\/\/carpejenn.com\/wp-content\/uploads\/2025\/04\/La-naissance-dathena-carpejenn.com_-1024x675.png 1024w, https:\/\/carpejenn.com\/wp-content\/uploads\/2025\/04\/La-naissance-dathena-carpejenn.com_-300x198.png 300w, https:\/\/carpejenn.com\/wp-content\/uploads\/2025\/04\/La-naissance-dathena-carpejenn.com_-768x506.png 768w, https:\/\/carpejenn.com\/wp-content\/uploads\/2025\/04\/La-naissance-dathena-carpejenn.com_-1536x1012.png 1536w, https:\/\/carpejenn.com\/wp-content\/uploads\/2025\/04\/La-naissance-dathena-carpejenn.com_.png 1858w\" sizes=\"(max-width: 1024px) 100vw, 1024px\" \/><\/figure>\n\n\n\n<p>D\u2019apr\u00e8s le mythe, Ath\u00e9na serait n\u00e9e de la t\u00eate de Zeus. Lors de sa naissance, une vingtaine de dieux \u00e9taient pr\u00e9sents. En l\u2019\u00e9tat actuel au mus\u00e9e, il manque au moins 50% des sculptures formant la sc\u00e8ne. Mais m\u00eame avec ce manque, la sc\u00e8ne reste magnifique, et le travail de tous les sculpteurs impliqu\u00e9s dans la cr\u00e9ation des statues, remarquable.<\/p>\n\n\n\n<figure class=\"wp-block-image size-large\"><img loading=\"lazy\" decoding=\"async\" width=\"1024\" height=\"242\" src=\"https:\/\/carpejenn.com\/wp-content\/uploads\/2025\/04\/la-reconstruction-de-l-est-du-fronton-du-parthenon-d-apres-un-dessin-de-k-schwerzek-le-fronton-est-raconte-la-naissance-d-athena-de-la-tete-de-son-pere-zeus-d9c81a-1-1024x242.jpg\" alt=\"\" class=\"wp-image-5556\" srcset=\"https:\/\/carpejenn.com\/wp-content\/uploads\/2025\/04\/la-reconstruction-de-l-est-du-fronton-du-parthenon-d-apres-un-dessin-de-k-schwerzek-le-fronton-est-raconte-la-naissance-d-athena-de-la-tete-de-son-pere-zeus-d9c81a-1-1024x242.jpg 1024w, https:\/\/carpejenn.com\/wp-content\/uploads\/2025\/04\/la-reconstruction-de-l-est-du-fronton-du-parthenon-d-apres-un-dessin-de-k-schwerzek-le-fronton-est-raconte-la-naissance-d-athena-de-la-tete-de-son-pere-zeus-d9c81a-1-300x71.jpg 300w, https:\/\/carpejenn.com\/wp-content\/uploads\/2025\/04\/la-reconstruction-de-l-est-du-fronton-du-parthenon-d-apres-un-dessin-de-k-schwerzek-le-fronton-est-raconte-la-naissance-d-athena-de-la-tete-de-son-pere-zeus-d9c81a-1-768x181.jpg 768w, https:\/\/carpejenn.com\/wp-content\/uploads\/2025\/04\/la-reconstruction-de-l-est-du-fronton-du-parthenon-d-apres-un-dessin-de-k-schwerzek-le-fronton-est-raconte-la-naissance-d-athena-de-la-tete-de-son-pere-zeus-d9c81a-1.jpg 1300w\" sizes=\"(max-width: 1024px) 100vw, 1024px\" \/><\/figure>\n\n\n\n<p>Reconstitution par <a href=\"https:\/\/www.alamyimages.fr\/photo-image-la-reconstruction-de-l-est-du-fronton-du-parthenon-d-apres-un-dessin-de-k-schwerzek-le-fronton-est-raconte-la-naissance-d-athena-de-la-tete-de-son-pere-zeus-57432742.html\" target=\"_blank\" rel=\"noopener\" title=\"\">Alamy<\/a><\/p>\n\n\n\n<h2 class=\"wp-block-heading\">Pl\u00e1ka &amp; Anafi\u00f3tika<\/h2>\n\n\n\n<p>Ma premi\u00e8re impression en arrivant \u00e0 Ath\u00e8nes\u00a0: \u00ab\u00a0Que c\u2019est moche\u2026\u00a0\u00bb Le centre-ville semble coinc\u00e9 dans les ann\u00e9es 60. Des b\u00e2timents b\u00e9tonn\u00e9s, une autoroute qui traverse carr\u00e9ment la ville, z\u00e9ro parc z\u00e9ro verdure\u2026 Je me suis demand\u00e9e qui \u00e9tait la personne qui avait merd\u00e9 dans le plan de l\u2019urbanisation de la ville &#x1f605; J\u2019ai fait mes petites recherches, et j\u2019ai d\u00e9couvert qu\u2019apr\u00e8s la guerre, il y a eu un tr\u00e8s gros afflux des populations rurales vers la ville qui s\u2019est retrouv\u00e9e submerg\u00e9e par cet afflux. Pour r\u00e9pondre \u00e0 la demande, ce sont des dizaines de b\u00e2timents qui ont \u00e9t\u00e9 construits \u00e0 la h\u00e2te sans r\u00e9flexion profonde quant \u00e0 un plan d\u2019urbanisation.<\/p>\n\n\n\n<p>Mais heureusement, la beaut\u00e9 d\u2019Ath\u00e8nes ne se r\u00e9sume pas \u00e0 cette zone. En arrivant \u00e0 Pl\u00e1ka, on a l\u2019impression d\u2019avoir chang\u00e9 de ville. Le quartier ressemble \u00e0 un petit village sur lequel on pourrait tomber en se baladant dans les \u00eeles grecques. Il y a certes une zone assez touristique, mais on y trouve encore de petits commerces ind\u00e9pendants proposant des produits typiques de la Gr\u00e8ce.<\/p>\n\n\n\n<figure class=\"wp-block-gallery has-nested-images columns-default is-cropped wp-block-gallery-2 is-layout-flex wp-block-gallery-is-layout-flex\">\n<figure class=\"wp-block-image size-large\"><img loading=\"lazy\" decoding=\"async\" width=\"682\" height=\"1024\" data-id=\"5565\" src=\"https:\/\/carpejenn.com\/wp-content\/uploads\/2025\/04\/Capture-de\u0301cran-2025-04-09-a\u0300-08.23.47-1-682x1024.png\" alt=\"\" class=\"wp-image-5565\" srcset=\"https:\/\/carpejenn.com\/wp-content\/uploads\/2025\/04\/Capture-de\u0301cran-2025-04-09-a\u0300-08.23.47-1-682x1024.png 682w, https:\/\/carpejenn.com\/wp-content\/uploads\/2025\/04\/Capture-de\u0301cran-2025-04-09-a\u0300-08.23.47-1-200x300.png 200w, https:\/\/carpejenn.com\/wp-content\/uploads\/2025\/04\/Capture-de\u0301cran-2025-04-09-a\u0300-08.23.47-1-768x1154.png 768w, https:\/\/carpejenn.com\/wp-content\/uploads\/2025\/04\/Capture-de\u0301cran-2025-04-09-a\u0300-08.23.47-1.png 1000w\" sizes=\"(max-width: 682px) 100vw, 682px\" \/><\/figure>\n\n\n\n<figure class=\"wp-block-image size-large\"><img loading=\"lazy\" decoding=\"async\" width=\"686\" height=\"1024\" data-id=\"5566\" src=\"https:\/\/carpejenn.com\/wp-content\/uploads\/2025\/04\/Capture-de\u0301cran-2025-04-09-a\u0300-08.23.39-1-686x1024.png\" alt=\"\" class=\"wp-image-5566\" srcset=\"https:\/\/carpejenn.com\/wp-content\/uploads\/2025\/04\/Capture-de\u0301cran-2025-04-09-a\u0300-08.23.39-1-686x1024.png 686w, https:\/\/carpejenn.com\/wp-content\/uploads\/2025\/04\/Capture-de\u0301cran-2025-04-09-a\u0300-08.23.39-1-201x300.png 201w, https:\/\/carpejenn.com\/wp-content\/uploads\/2025\/04\/Capture-de\u0301cran-2025-04-09-a\u0300-08.23.39-1-768x1147.png 768w, https:\/\/carpejenn.com\/wp-content\/uploads\/2025\/04\/Capture-de\u0301cran-2025-04-09-a\u0300-08.23.39-1.png 1010w\" sizes=\"(max-width: 686px) 100vw, 686px\" \/><\/figure>\n\n\n\n<figure class=\"wp-block-image size-large\"><img loading=\"lazy\" decoding=\"async\" width=\"673\" height=\"1024\" data-id=\"5568\" src=\"https:\/\/carpejenn.com\/wp-content\/uploads\/2025\/04\/Capture-de\u0301cran-2025-04-09-a\u0300-08.23.31-1-673x1024.png\" alt=\"\" class=\"wp-image-5568\" srcset=\"https:\/\/carpejenn.com\/wp-content\/uploads\/2025\/04\/Capture-de\u0301cran-2025-04-09-a\u0300-08.23.31-1-673x1024.png 673w, https:\/\/carpejenn.com\/wp-content\/uploads\/2025\/04\/Capture-de\u0301cran-2025-04-09-a\u0300-08.23.31-1-197x300.png 197w, https:\/\/carpejenn.com\/wp-content\/uploads\/2025\/04\/Capture-de\u0301cran-2025-04-09-a\u0300-08.23.31-1-768x1168.png 768w, https:\/\/carpejenn.com\/wp-content\/uploads\/2025\/04\/Capture-de\u0301cran-2025-04-09-a\u0300-08.23.31-1.png 994w\" sizes=\"(max-width: 673px) 100vw, 673px\" \/><\/figure>\n\n\n\n<figure class=\"wp-block-image size-large\"><img loading=\"lazy\" decoding=\"async\" width=\"684\" height=\"1024\" data-id=\"5567\" src=\"https:\/\/carpejenn.com\/wp-content\/uploads\/2025\/04\/Capture-de\u0301cran-2025-04-09-a\u0300-08.24.12-1-684x1024.png\" alt=\"\" class=\"wp-image-5567\" srcset=\"https:\/\/carpejenn.com\/wp-content\/uploads\/2025\/04\/Capture-de\u0301cran-2025-04-09-a\u0300-08.24.12-1-684x1024.png 684w, https:\/\/carpejenn.com\/wp-content\/uploads\/2025\/04\/Capture-de\u0301cran-2025-04-09-a\u0300-08.24.12-1-200x300.png 200w, https:\/\/carpejenn.com\/wp-content\/uploads\/2025\/04\/Capture-de\u0301cran-2025-04-09-a\u0300-08.24.12-1-768x1150.png 768w, https:\/\/carpejenn.com\/wp-content\/uploads\/2025\/04\/Capture-de\u0301cran-2025-04-09-a\u0300-08.24.12-1.png 1006w\" sizes=\"(max-width: 684px) 100vw, 684px\" \/><\/figure>\n<\/figure>\n\n\n\n<p>La plus belle partie de Pl\u00e1ka est Anafi\u00f3tika, un micro-quartier dans le quartier. Desservi par de petits escaliers \u00e9troits, Anafiotika regroupe de petites maisons typiques et color\u00e9es. Ces maisons sont d\u2019ailleurs toujours habit\u00e9es, il convient de faire attention \u00e0 ne pas faire trop de bruit en s\u2019y baladant.<\/p>\n\n\n\n<figure class=\"wp-block-gallery has-nested-images columns-default is-cropped wp-block-gallery-3 is-layout-flex wp-block-gallery-is-layout-flex\">\n<figure class=\"wp-block-image size-large\"><img loading=\"lazy\" decoding=\"async\" width=\"678\" height=\"1024\" data-id=\"5569\" src=\"https:\/\/carpejenn.com\/wp-content\/uploads\/2025\/04\/Capture-de\u0301cran-2025-04-09-a\u0300-08.23.56-1-678x1024.png\" alt=\"\" class=\"wp-image-5569\" srcset=\"https:\/\/carpejenn.com\/wp-content\/uploads\/2025\/04\/Capture-de\u0301cran-2025-04-09-a\u0300-08.23.56-1-678x1024.png 678w, https:\/\/carpejenn.com\/wp-content\/uploads\/2025\/04\/Capture-de\u0301cran-2025-04-09-a\u0300-08.23.56-1-199x300.png 199w, https:\/\/carpejenn.com\/wp-content\/uploads\/2025\/04\/Capture-de\u0301cran-2025-04-09-a\u0300-08.23.56-1-768x1161.png 768w, https:\/\/carpejenn.com\/wp-content\/uploads\/2025\/04\/Capture-de\u0301cran-2025-04-09-a\u0300-08.23.56-1.png 990w\" sizes=\"(max-width: 678px) 100vw, 678px\" \/><\/figure>\n\n\n\n<figure class=\"wp-block-image size-large\"><img loading=\"lazy\" decoding=\"async\" width=\"688\" height=\"1024\" data-id=\"5564\" src=\"https:\/\/carpejenn.com\/wp-content\/uploads\/2025\/04\/Capture-de\u0301cran-2025-04-09-a\u0300-08.24.04-1-688x1024.png\" alt=\"\" class=\"wp-image-5564\" srcset=\"https:\/\/carpejenn.com\/wp-content\/uploads\/2025\/04\/Capture-de\u0301cran-2025-04-09-a\u0300-08.24.04-1-688x1024.png 688w, https:\/\/carpejenn.com\/wp-content\/uploads\/2025\/04\/Capture-de\u0301cran-2025-04-09-a\u0300-08.24.04-1-202x300.png 202w, https:\/\/carpejenn.com\/wp-content\/uploads\/2025\/04\/Capture-de\u0301cran-2025-04-09-a\u0300-08.24.04-1-768x1143.png 768w, https:\/\/carpejenn.com\/wp-content\/uploads\/2025\/04\/Capture-de\u0301cran-2025-04-09-a\u0300-08.24.04-1.png 1008w\" sizes=\"(max-width: 688px) 100vw, 688px\" \/><\/figure>\n<\/figure>\n\n\n\n<h2 class=\"wp-block-heading\">La place Syntagma et ses rues pi\u00e9tonnes<\/h2>\n\n\n\n<p>L\u2019entr\u00e9e principale de ce quartier tr\u00e8s anim\u00e9 se trouve en face du parlement grec et \u00e0 c\u00f4t\u00e9 des h\u00f4tels luxieux NJV et Grande-Bretagne.<\/p>\n\n\n\n<p>Ce quartier quasi pi\u00e9ton est tr\u00e8s sympa \u00e0 faire en fin de journ\u00e9e. On peut faire du shopping dans les centaines d\u2019enseignes europ\u00e9ennes comme locales, boire des verres dans des bars tr\u00e8s styl\u00e9s, et d\u00eener dans des restaurants chics et branch\u00e9s.<\/p>\n\n\n\n<p>Parmi les nombreuses places du quartier, il y a notamment la place  Monastiraki sur laquelle il y a de nombreuses animations pour le plaisir des badauds\u00a0: concerts improvis\u00e9s, animations pour enfants\u2026<\/p>\n\n\n\n<figure class=\"wp-block-gallery has-nested-images columns-default is-cropped wp-block-gallery-4 is-layout-flex wp-block-gallery-is-layout-flex\">\n<figure class=\"wp-block-image size-large\"><img loading=\"lazy\" decoding=\"async\" width=\"682\" height=\"1024\" data-id=\"5570\" src=\"https:\/\/carpejenn.com\/wp-content\/uploads\/2025\/04\/Capture-de\u0301cran-2025-04-09-a\u0300-08.40.39-682x1024.png\" alt=\"\" class=\"wp-image-5570\" srcset=\"https:\/\/carpejenn.com\/wp-content\/uploads\/2025\/04\/Capture-de\u0301cran-2025-04-09-a\u0300-08.40.39-682x1024.png 682w, https:\/\/carpejenn.com\/wp-content\/uploads\/2025\/04\/Capture-de\u0301cran-2025-04-09-a\u0300-08.40.39-200x300.png 200w, https:\/\/carpejenn.com\/wp-content\/uploads\/2025\/04\/Capture-de\u0301cran-2025-04-09-a\u0300-08.40.39-768x1153.png 768w, https:\/\/carpejenn.com\/wp-content\/uploads\/2025\/04\/Capture-de\u0301cran-2025-04-09-a\u0300-08.40.39.png 1002w\" sizes=\"(max-width: 682px) 100vw, 682px\" \/><\/figure>\n\n\n\n<figure class=\"wp-block-image size-large\"><img loading=\"lazy\" decoding=\"async\" width=\"686\" height=\"1024\" data-id=\"5571\" src=\"https:\/\/carpejenn.com\/wp-content\/uploads\/2025\/04\/Capture-de\u0301cran-2025-04-09-a\u0300-08.40.32-686x1024.png\" alt=\"\" class=\"wp-image-5571\" srcset=\"https:\/\/carpejenn.com\/wp-content\/uploads\/2025\/04\/Capture-de\u0301cran-2025-04-09-a\u0300-08.40.32-686x1024.png 686w, https:\/\/carpejenn.com\/wp-content\/uploads\/2025\/04\/Capture-de\u0301cran-2025-04-09-a\u0300-08.40.32-201x300.png 201w, https:\/\/carpejenn.com\/wp-content\/uploads\/2025\/04\/Capture-de\u0301cran-2025-04-09-a\u0300-08.40.32-768x1146.png 768w, https:\/\/carpejenn.com\/wp-content\/uploads\/2025\/04\/Capture-de\u0301cran-2025-04-09-a\u0300-08.40.32.png 1000w\" sizes=\"(max-width: 686px) 100vw, 686px\" \/><\/figure>\n\n\n\n<figure class=\"wp-block-image size-large\"><img loading=\"lazy\" decoding=\"async\" width=\"683\" height=\"1024\" data-id=\"5572\" src=\"https:\/\/carpejenn.com\/wp-content\/uploads\/2025\/04\/Capture-de\u0301cran-2025-04-09-a\u0300-08.40.25-683x1024.png\" alt=\"\" class=\"wp-image-5572\" srcset=\"https:\/\/carpejenn.com\/wp-content\/uploads\/2025\/04\/Capture-de\u0301cran-2025-04-09-a\u0300-08.40.25-683x1024.png 683w, https:\/\/carpejenn.com\/wp-content\/uploads\/2025\/04\/Capture-de\u0301cran-2025-04-09-a\u0300-08.40.25-200x300.png 200w, https:\/\/carpejenn.com\/wp-content\/uploads\/2025\/04\/Capture-de\u0301cran-2025-04-09-a\u0300-08.40.25-768x1152.png 768w, https:\/\/carpejenn.com\/wp-content\/uploads\/2025\/04\/Capture-de\u0301cran-2025-04-09-a\u0300-08.40.25.png 1000w\" sizes=\"(max-width: 683px) 100vw, 683px\" \/><\/figure>\n<\/figure>\n\n\n\n<h2 class=\"wp-block-heading\">La rel\u00e8ve de la garde devant le parlement grec<\/h2>\n\n\n\n<p>Toutes les heures de tous les jours, on peut assister \u00e0 la rel\u00e8ve de la garde qui se fait devant le parlement grec. Si tu vas \u00e0 Ath\u00e8nes le weekend, je te conseille d\u2019aller voir la rel\u00e8ve de la garde du dimanche \u00e0 11h. Elle est plus formelle que les autres et dure plus longtemps (environ 25 minutes), elle se termine par un d\u00e9fil\u00e9 de la garde sur la chauss\u00e9e. Par contre, essaie d\u2019y \u00eatre un peu en avance car elle attire beaucoup de monde. Je suis arriv\u00e9e \u00e0 11h10 et je n\u2019ai rien pu voir, il y avait trop de monde devant moi. Heureusement qu\u2019il y avait le d\u00e9fil\u00e9 sur la chauss\u00e9e apr\u00e8s la rel\u00e8ve (j\u2019\u00e9tais plac\u00e9e au bord de la route) sinon j\u2019aurais tout manqu\u00e9.<\/p>\n\n\n\n<figure class=\"wp-block-image size-large\"><img loading=\"lazy\" decoding=\"async\" width=\"1024\" height=\"675\" src=\"https:\/\/carpejenn.com\/wp-content\/uploads\/2025\/04\/Capture-de\u0301cran-2025-04-09-a\u0300-08.47.03-1024x675.png\" alt=\"\" class=\"wp-image-5573\" srcset=\"https:\/\/carpejenn.com\/wp-content\/uploads\/2025\/04\/Capture-de\u0301cran-2025-04-09-a\u0300-08.47.03-1024x675.png 1024w, https:\/\/carpejenn.com\/wp-content\/uploads\/2025\/04\/Capture-de\u0301cran-2025-04-09-a\u0300-08.47.03-300x198.png 300w, https:\/\/carpejenn.com\/wp-content\/uploads\/2025\/04\/Capture-de\u0301cran-2025-04-09-a\u0300-08.47.03-768x506.png 768w, https:\/\/carpejenn.com\/wp-content\/uploads\/2025\/04\/Capture-de\u0301cran-2025-04-09-a\u0300-08.47.03.png 1424w\" sizes=\"(max-width: 1024px) 100vw, 1024px\" \/><\/figure>\n\n\n\n<h2 class=\"wp-block-heading\">Le jardin botanique<\/h2>\n\n\n\n<p>Situ\u00e9 juste \u00e0 c\u00f4t\u00e9 du parlement, le jardin botanique vaut vraiment le coup. Les grands palmiers de l\u2019entr\u00e9e donnent le ton\u00a0: la visite va \u00eatre canon. Le parc est compos\u00e9 de plusieurs points centraux r\u00e9partis sur 180 hectares. Il y a des plans un peu partout pour se retrouver. J\u2019ai particuli\u00e8rement aim\u00e9 les rang\u00e9es d\u2019orangers. \u00c9tant au c\u0153ur du printemps, j\u2019ai eu de la chance de voir tous les arbres en fleurs, et une douce odeur de fleur d\u2019oranger parfumait tout ce c\u00f4t\u00e9 du parc.<\/p>\n\n\n\n<figure class=\"wp-block-image size-large\"><img loading=\"lazy\" decoding=\"async\" width=\"671\" height=\"1024\" src=\"https:\/\/carpejenn.com\/wp-content\/uploads\/2025\/04\/Capture-de\u0301cran-2025-04-09-a\u0300-08.50.33-671x1024.png\" alt=\"\" class=\"wp-image-5574\" srcset=\"https:\/\/carpejenn.com\/wp-content\/uploads\/2025\/04\/Capture-de\u0301cran-2025-04-09-a\u0300-08.50.33-671x1024.png 671w, https:\/\/carpejenn.com\/wp-content\/uploads\/2025\/04\/Capture-de\u0301cran-2025-04-09-a\u0300-08.50.33-197x300.png 197w, https:\/\/carpejenn.com\/wp-content\/uploads\/2025\/04\/Capture-de\u0301cran-2025-04-09-a\u0300-08.50.33-768x1172.png 768w, https:\/\/carpejenn.com\/wp-content\/uploads\/2025\/04\/Capture-de\u0301cran-2025-04-09-a\u0300-08.50.33.png 984w\" sizes=\"(max-width: 671px) 100vw, 671px\" \/><\/figure>\n\n\n\n<h2 class=\"wp-block-heading\">Les plages<\/h2>\n\n\n\n<figure class=\"wp-block-image size-large\"><img loading=\"lazy\" decoding=\"async\" width=\"819\" height=\"1024\" src=\"https:\/\/carpejenn.com\/wp-content\/uploads\/2025\/04\/IMG_2732_jpg-819x1024.jpeg\" alt=\"\" class=\"wp-image-5576\" srcset=\"https:\/\/carpejenn.com\/wp-content\/uploads\/2025\/04\/IMG_2732_jpg-819x1024.jpeg 819w, https:\/\/carpejenn.com\/wp-content\/uploads\/2025\/04\/IMG_2732_jpg-240x300.jpeg 240w, https:\/\/carpejenn.com\/wp-content\/uploads\/2025\/04\/IMG_2732_jpg-768x960.jpeg 768w, https:\/\/carpejenn.com\/wp-content\/uploads\/2025\/04\/IMG_2732_jpg-1229x1536.jpeg 1229w, https:\/\/carpejenn.com\/wp-content\/uploads\/2025\/04\/IMG_2732_jpg-1638x2048.jpeg 1638w, https:\/\/carpejenn.com\/wp-content\/uploads\/2025\/04\/IMG_2732_jpg-scaled.jpeg 2048w\" sizes=\"(max-width: 819px) 100vw, 819px\" \/><\/figure>\n\n\n\n<p>Je tenais absolument \u00e0 faire au moins une plage. Nous sommes all\u00e9s \u00e0 la plage Voula, plage du sud de la ville (environ une demi-heure de route). Nous avons choisi un petit restaurant sympa qui s\u2019appelle Bloom project et qui avait ouvert \u00e0 peine quelques jours avant. La nourriture \u00e9tait correcte sans \u00eatre extraordinaire, mais ce qui \u00e9tait tr\u00e8s agr\u00e9able c\u2019est que les tables sont litt\u00e9ralement dans le sable, et le staff tr\u00e8s sympathique. J\u2019aurais bien aim\u00e9 faire une petite sieste sur les si\u00e8ges de plage, mais notre avion \u00e9tait trois heures apr\u00e8s donc il a fallu y aller\u00a0!<\/p>\n\n\n\n<figure class=\"wp-block-image size-large\"><img loading=\"lazy\" decoding=\"async\" width=\"1024\" height=\"662\" src=\"https:\/\/carpejenn.com\/wp-content\/uploads\/2025\/04\/Capture-de\u0301cran-2025-04-09-a\u0300-09.14.47-1024x662.png\" alt=\"\" class=\"wp-image-5575\" srcset=\"https:\/\/carpejenn.com\/wp-content\/uploads\/2025\/04\/Capture-de\u0301cran-2025-04-09-a\u0300-09.14.47-1024x662.png 1024w, https:\/\/carpejenn.com\/wp-content\/uploads\/2025\/04\/Capture-de\u0301cran-2025-04-09-a\u0300-09.14.47-300x194.png 300w, https:\/\/carpejenn.com\/wp-content\/uploads\/2025\/04\/Capture-de\u0301cran-2025-04-09-a\u0300-09.14.47-768x497.png 768w, https:\/\/carpejenn.com\/wp-content\/uploads\/2025\/04\/Capture-de\u0301cran-2025-04-09-a\u0300-09.14.47-1536x993.png 1536w, https:\/\/carpejenn.com\/wp-content\/uploads\/2025\/04\/Capture-de\u0301cran-2025-04-09-a\u0300-09.14.47-2048x1324.png 2048w\" sizes=\"(max-width: 1024px) 100vw, 1024px\" \/><\/figure>\n\n\n\n<p>Pas mal non pour un weekend&nbsp;? Et sans mentir, c\u2019est vraiment possible de faire tout \u00e7a sans courir&nbsp;!<\/p>\n\n\n\n<h2 class=\"wp-block-heading\">Infos pratiques<\/h2>\n\n\n\n<p><strong>Quand partir\u00a0?<\/strong> Pour profiter au mieux de ton weekend, je te recommande de prendre le dernier vol du soir (22h25 avec la compagnie Aegan). Tu arrives \u00e0 Ath\u00e8nes \u00e0 2h du matin certes claqu\u00e9, mais au moins le lendemain tu peux direct commencer ta journ\u00e9e. C\u2019est ce que j\u2019ai fait et je ne regrette pas. J\u2019ai pu optimiser mon s\u00e9jour d\u00e8s le vendredi matin.<\/p>\n\n\n\n<p><strong>Les taxis\u00a0<\/strong>: je te recommande l\u2019appli <a href=\"https:\/\/www.free-now.com\/fr\/\" target=\"_blank\" rel=\"noopener\" title=\"\"><em>Freenow<\/em><\/a>. En France, c\u2019est une appli pour commander des VTC, en Gr\u00e8ce elle sert \u00e0 commander des taxis. Les taxis ne sont vraiment pas chers \u00e0 Ath\u00e8nes (entre 5 et 9\u20ac par course en moyenne) et c\u2019est tr\u00e8s pratique. Tu peux utiliser ton forfait t\u00e9l\u00e9phonique comme en France sans peur pour ta data (merci l\u2019UE\u00a0!), tu as donc acc\u00e8s \u00e0 l\u2019appli tout le temps.<\/p>\n\n\n\n<p><strong>Les restaurants et rooftops\u00a0:<\/strong> Il y a \u00e9norm\u00e9ment de rooftops \u00e0 Ath\u00e8nes dont la vue donne sur l\u2019acropole, et plus pr\u00e9cis\u00e9ment sur le Parth\u00e9non. De nuit, le spectacle est encore plus magnifique. Je n&#8217;ai pu en tester que trois, et voici mon classement : Les deux rooftops du <a href=\"https:\/\/www.booking.com\/Share-3RvkoXz\" target=\"_blank\" rel=\"noopener\" title=\"\">Grant Hyatt<\/a> (8<sup>\u00e8me<\/sup> et 9<sup>\u00e8me<\/sup> \u00e9tage), le restaurant <a href=\"https:\/\/www.booking.com\/Share-3RvkoXz\" title=\"\">Elyseum<\/a>, le restaurant du dernier \u00e9tage du <a href=\"https:\/\/www.booking.com\/Share-3RvkoXz\" target=\"_blank\" rel=\"noopener\" title=\"Hilton\">Hilton<\/a>.<\/p>\n\n\n\n<figure class=\"wp-block-image size-large\"><img loading=\"lazy\" decoding=\"async\" width=\"669\" height=\"1024\" src=\"https:\/\/carpejenn.com\/wp-content\/uploads\/2025\/04\/Capture-de\u0301cran-2025-04-09-a\u0300-09.14.57-1-669x1024.png\" alt=\"\" class=\"wp-image-5587\" srcset=\"https:\/\/carpejenn.com\/wp-content\/uploads\/2025\/04\/Capture-de\u0301cran-2025-04-09-a\u0300-09.14.57-1-669x1024.png 669w, https:\/\/carpejenn.com\/wp-content\/uploads\/2025\/04\/Capture-de\u0301cran-2025-04-09-a\u0300-09.14.57-1-196x300.png 196w, https:\/\/carpejenn.com\/wp-content\/uploads\/2025\/04\/Capture-de\u0301cran-2025-04-09-a\u0300-09.14.57-1-768x1176.png 768w, https:\/\/carpejenn.com\/wp-content\/uploads\/2025\/04\/Capture-de\u0301cran-2025-04-09-a\u0300-09.14.57-1.png 976w\" sizes=\"(max-width: 669px) 100vw, 669px\" \/><\/figure>\n\n\n\n<figure class=\"wp-block-gallery has-nested-images columns-default is-cropped wp-block-gallery-5 is-layout-flex wp-block-gallery-is-layout-flex\">\n<figure class=\"wp-block-image size-large\"><img loading=\"lazy\" decoding=\"async\" width=\"678\" height=\"1024\" data-id=\"5578\" src=\"https:\/\/carpejenn.com\/wp-content\/uploads\/2025\/04\/Capture-de\u0301cran-2025-04-09-a\u0300-09.14.40-678x1024.png\" alt=\"\" class=\"wp-image-5578\" srcset=\"https:\/\/carpejenn.com\/wp-content\/uploads\/2025\/04\/Capture-de\u0301cran-2025-04-09-a\u0300-09.14.40-678x1024.png 678w, https:\/\/carpejenn.com\/wp-content\/uploads\/2025\/04\/Capture-de\u0301cran-2025-04-09-a\u0300-09.14.40-199x300.png 199w, https:\/\/carpejenn.com\/wp-content\/uploads\/2025\/04\/Capture-de\u0301cran-2025-04-09-a\u0300-09.14.40-768x1160.png 768w, https:\/\/carpejenn.com\/wp-content\/uploads\/2025\/04\/Capture-de\u0301cran-2025-04-09-a\u0300-09.14.40.png 988w\" sizes=\"(max-width: 678px) 100vw, 678px\" \/><\/figure>\n\n\n\n<figure class=\"wp-block-image size-large\"><img loading=\"lazy\" decoding=\"async\" width=\"685\" height=\"1024\" data-id=\"5577\" src=\"https:\/\/carpejenn.com\/wp-content\/uploads\/2025\/04\/Capture-de\u0301cran-2025-04-09-a\u0300-09.15.03-685x1024.png\" alt=\"\" class=\"wp-image-5577\" srcset=\"https:\/\/carpejenn.com\/wp-content\/uploads\/2025\/04\/Capture-de\u0301cran-2025-04-09-a\u0300-09.15.03-685x1024.png 685w, https:\/\/carpejenn.com\/wp-content\/uploads\/2025\/04\/Capture-de\u0301cran-2025-04-09-a\u0300-09.15.03-201x300.png 201w, https:\/\/carpejenn.com\/wp-content\/uploads\/2025\/04\/Capture-de\u0301cran-2025-04-09-a\u0300-09.15.03-768x1149.png 768w, https:\/\/carpejenn.com\/wp-content\/uploads\/2025\/04\/Capture-de\u0301cran-2025-04-09-a\u0300-09.15.03.png 992w\" sizes=\"(max-width: 685px) 100vw, 685px\" \/><\/figure>\n<\/figure>\n\n\n\n<hr class=\"wp-block-separator has-alpha-channel-opacity\"\/>\n\n\n\n<p>Pour finir, j\u2019aimerais souligner \u00e0 quel point les grecs sont gentils. Que ces soit les taxis, les serveurs, les gens dans la rue\u2026 tout le monde est tr\u00e8s poli, bienveillant et chaleureux. A Ath\u00e8nes on se sent si bien re\u00e7u qu\u2019on a une h\u00e2te, celle de revenir.<\/p>\n","protected":false},"excerpt":{"rendered":"<p>\u00c7a fait un petit moment que je n\u2019ai pas \u00e9crit d\u2019articles sur ce blog\u2026 et pour cause, mon activit\u00e9 photo fra\u00eechement lanc\u00e9e me prend beaucoup de temps et d\u2019\u00e9nergie, m\u00eame si \u00e7a reste passionnant. Je t\u2019invite d\u2019ailleurs \u00e0 faire un tour sur mon site photo pour voir mon travail &#x1f4f8; En attendant, entrons dans le [&hellip;]<\/p>\n","protected":false},"author":2,"featured_media":5551,"comment_status":"open","ping_status":"open","sticky":false,"template":"","format":"standard","meta":{"om_disable_all_campaigns":false,"_exactmetrics_skip_tracking":false,"_exactmetrics_sitenote_active":false,"_exactmetrics_sitenote_note":"","_exactmetrics_sitenote_category":0,"footnotes":""},"categories":[57,4],"tags":[178,26,177,9,10,180,179],"class_list":["post-5549","post","type-post","status-publish","format-standard","has-post-thumbnail","hentry","category-europe","category-voyages","tag-athenes-2025","tag-carpejenn","tag-grece-2025","tag-travel","tag-voyage","tag-weekend-athenes","tag-weekend-athenes-2025"],"aioseo_notices":[],"_links":{"self":[{"href":"https:\/\/carpejenn.com\/index.php\/wp-json\/wp\/v2\/posts\/5549"}],"collection":[{"href":"https:\/\/carpejenn.com\/index.php\/wp-json\/wp\/v2\/posts"}],"about":[{"href":"https:\/\/carpejenn.com\/index.php\/wp-json\/wp\/v2\/types\/post"}],"author":[{"embeddable":true,"href":"https:\/\/carpejenn.com\/index.php\/wp-json\/wp\/v2\/users\/2"}],"replies":[{"embeddable":true,"href":"https:\/\/carpejenn.com\/index.php\/wp-json\/wp\/v2\/comments?post=5549"}],"version-history":[{"count":8,"href":"https:\/\/carpejenn.com\/index.php\/wp-json\/wp\/v2\/posts\/5549\/revisions"}],"predecessor-version":[{"id":5588,"href":"https:\/\/carpejenn.com\/index.php\/wp-json\/wp\/v2\/posts\/5549\/revisions\/5588"}],"wp:featuredmedia":[{"embeddable":true,"href":"https:\/\/carpejenn.com\/index.php\/wp-json\/wp\/v2\/media\/5551"}],"wp:attachment":[{"href":"https:\/\/carpejenn.com\/index.php\/wp-json\/wp\/v2\/media?parent=5549"}],"wp:term":[{"taxonomy":"category","embeddable":true,"href":"https:\/\/carpejenn.com\/index.php\/wp-json\/wp\/v2\/categories?post=5549"},{"taxonomy":"post_tag","embeddable":true,"href":"https:\/\/carpejenn.com\/index.php\/wp-json\/wp\/v2\/tags?post=5549"}],"curies":[{"name":"wp","href":"https:\/\/api.w.org\/{rel}","templated":true}]}}